{"id":145,"date":"2021-08-31T16:32:00","date_gmt":"2021-08-31T14:32:00","guid":{"rendered":"https:\/\/bbs-alfeld.de\/?p=145"},"modified":"2021-11-05T04:48:00","modified_gmt":"2021-11-05T03:48:00","slug":"schuljahresbeginn-2021-2022","status":"publish","type":"post","link":"https:\/\/www.bbs-alfeld.eu\/index.php\/2021\/08\/31\/schuljahresbeginn-2021-2022\/","title":{"rendered":"Schuljahresbeginn 2021-2022"},"content":{"rendered":"\n<p>Liebe Sch\u00fclerinnen und Sch\u00fcler,<\/p>\n\n\n\n<p>das neue Schuljahr steht in den Startl\u00f6chern, die Pandemie ist weiterhin da, Regelungen f\u00fcr den Schulstart sind bearbeitet worden und der Landkreis bietet offene Impftermine an. Ich m\u00f6chte Sie hiermit \u00fcber den aktuellen Stand informieren. &nbsp;<\/p>\n\n\n\n<ol class=\"wp-block-list\"><li><strong><a href=\"https:\/\/bbs-alfeld.de\/Corona\/2021-08-24_Infopaket_Schulstart.pdf\" target=\"_blank\" rel=\"noreferrer noopener\">&#8222;Alles auf einen Blick&#8220;<\/a><\/strong> (Regelungen zum Schulstart 21\/22). In der eingef\u00fcgten Brosch\u00fcre k\u00f6nnen Sie sich \u00fcber die f\u00fcr Sie wichtigsten Regelungen auf den Seiten 2-4 informieren. Hier finden Sie genaue Hinweise zu:<\/li><\/ol>\n\n\n\n<ul class=\"wp-block-list\"><li>Testen<\/li><li>Mund-Nasen-Bedeckung<\/li><li>Befreiung von der Pr\u00e4senzpflicht (H\u00e4rtefall)<\/li><li>Informationsschreiben (Reiser\u00fcckkehrende)<\/li><\/ul>\n\n\n\n<ol class=\"wp-block-list\" start=\"2\"><li>Der Landkreis bietet zu Beginn des Schuljahres offene Impfangebote an. Die Impfung soll am 06.09. stattfinden. Die zweite Impfung erfolgt dann am 27.09.2021 im Zeitfenster von 10:00 Uhr bis 14:00 Uhr.<\/li><\/ol>\n\n\n\n<p>Bitte informieren Sie auch Ihre Eltern \u00fcber den Inhalt dieses Schreibens.<\/p>\n\n\n\n<p>Ich w\u00fcnsche Ihnen einen guten und erfolgreichen Start in das Schuljahr 2021\/2022 und bleiben Sie gesund.<\/p>\n\n\n\n<p>Mit freundlichen Gr\u00fc\u00dfen<\/p>\n\n\n\n<p>Reiner Kr\u00fcger<\/p>\n\n\n\n<p>Kommissarischer Schulleiter<\/p>\n","protected":false},"excerpt":{"rendered":"<p>Liebe Sch\u00fclerinnen und Sch\u00fcler, das neue Schuljahr steht in den Startl\u00f6chern, die Pandemie ist weiterhin da, Regelungen f\u00fcr den Schulstart sind bearbeitet worden und der&hellip;<\/p>\n","protected":false},"author":1,"featured_media":0,"comment_status":"open","ping_status":"open","sticky":false,"template":"","format":"standard","meta":{"ngg_post_thumbnail":0,"footnotes":""},"categories":[20,1],"tags":[],"class_list":["post-145","post","type-post","status-publish","format-standard","hentry","category-aktuelles","category-uncategorized"],"_links":{"self":[{"href":"https:\/\/www.bbs-alfeld.eu\/index.php\/wp-json\/wp\/v2\/posts\/145","targetHints":{"allow":["GET"]}}],"collection":[{"href":"https:\/\/www.bbs-alfeld.eu\/index.php\/wp-json\/wp\/v2\/posts"}],"about":[{"href":"https:\/\/www.bbs-alfeld.eu\/index.php\/wp-json\/wp\/v2\/types\/post"}],"author":[{"embeddable":true,"href":"https:\/\/www.bbs-alfeld.eu\/index.php\/wp-json\/wp\/v2\/users\/1"}],"replies":[{"embeddable":true,"href":"https:\/\/www.bbs-alfeld.eu\/index.php\/wp-json\/wp\/v2\/comments?post=145"}],"version-history":[{"count":1,"href":"https:\/\/www.bbs-alfeld.eu\/index.php\/wp-json\/wp\/v2\/posts\/145\/revisions"}],"predecessor-version":[{"id":146,"href":"https:\/\/www.bbs-alfeld.eu\/index.php\/wp-json\/wp\/v2\/posts\/145\/revisions\/146"}],"wp:attachment":[{"href":"https:\/\/www.bbs-alfeld.eu\/index.php\/wp-json\/wp\/v2\/media?parent=145"}],"wp:term":[{"taxonomy":"category","embeddable":true,"href":"https:\/\/www.bbs-alfeld.eu\/index.php\/wp-json\/wp\/v2\/categories?post=145"},{"taxonomy":"post_tag","embeddable":true,"href":"https:\/\/www.bbs-alfeld.eu\/index.php\/wp-json\/wp\/v2\/tags?post=145"}],"curies":[{"name":"wp","href":"https:\/\/api.w.org\/{rel}","templated":true}]}}