{"id":1749,"date":"2022-04-21T13:37:00","date_gmt":"2022-04-21T11:37:00","guid":{"rendered":"https:\/\/www.bbs-alfeld.eu\/?p=1749"},"modified":"2022-04-14T13:37:51","modified_gmt":"2022-04-14T11:37:51","slug":"seuchenausstellung-und-mikroskopierkurs-mit-schuelerinnen-der-fachoberschule","status":"publish","type":"post","link":"https:\/\/www.bbs-alfeld.eu\/index.php\/2022\/04\/21\/seuchenausstellung-und-mikroskopierkurs-mit-schuelerinnen-der-fachoberschule\/","title":{"rendered":"Seuchenausstellung und Mikroskopierkurs mit Sch\u00fcler*innen der Fachoberschule"},"content":{"rendered":"\n<blockquote class=\"wp-block-quote is-layout-flow wp-block-quote-is-layout-flow\"><p>Passend zur aktuellen Pandemie-Lage kann im R\u00f6mer- und Pelizaeusmuseum derzeit eine Sonderausstellung mit dem Titel \u201eSeuchen Fluch der Vergangenheit Bedrohung der Zukunft\u201c besichtigt werden.<\/p><\/blockquote>\n\n\n\nngg_shortcode_0_placeholder\n\n\n\n<p>Da wir viel Lob \u00fcber die Ausstellung geh\u00f6rt hatten und uns das Thema gerade alle betrifft, entschieden wir uns dazu, mit der 11. Klasse der Fachoberschule Gesundheit\/Technik\/Wirtschaft und einzelnen Sch\u00fcler*innen der 12. Klasse Fachoberschule Gesundheit das Museum in Hildesheim zu besuchen.<\/p>\n\n\n\n<p>Wir buchten eine 60-min\u00fctige F\u00fchrung mit dem Schwerpunktthema \u201ePublic Health\u201c. Anschaulich pr\u00e4sentiert lernten wir die Anf\u00e4nge medizinischer Forschung kennen. Ber\u00fchmte \u00c4rzte wie Hippokrates von Kos, Andreas Vesalius, Paracelsus, Robert Koch und andere schufen die Grundlagen f\u00fcr unsere fortschrittliche medizinische Versorgung. Ausl\u00f6ser f\u00fcr intensives medizinisches Forschen waren h\u00e4ufig Seuchen, die gro\u00dfen Teilen der (Welt-)Bev\u00f6lkerung das Leben kosteten.<\/p>\n\n\n\n<p>Ein effektives Mittel zur Seuchenbek\u00e4mpfung war zu allen Zeiten die Quarant\u00e4ne. Als die Pest im 14. Jahrhundert in Europa w\u00fctete, wurden betroffene H\u00e4user mit Kreuzen markiert, um andere Menschen zu warnen. Ebenfalls im Mittelalter gab es Leprosen-H\u00e4user au\u00dferhalb der St\u00e4dte, in die sich \u201eAuss\u00e4tzige\u201c, begeben mussten und nur wenig Aussicht auf Heilung hatten. Zudem waren sie verpflichtet eine h\u00f6lzerne Lepra-Klapper zu verwenden, mit der sie andere Menschen auf Distanz halten mussten. F\u00fcr uns heute unvorstellbar. Genauso wie die Entstehung der ersten Impfung:<\/p>\n\n\n\n<p>Die Pocken galten lange Zeit als die gef\u00e4hrlichste Erkrankung f\u00fcr den Menschen. Erst im 18. Jahrhundert machte man die Entdeckung, dass sich Landwirte und Milchm\u00e4dchen mit dieser gef\u00e4hrlichen Krankheit nur selten infizierten, da sie bereits an den weniger gef\u00e4hrlichen Kuh-Pocken erkrankt waren. So infizierte Edward Jenner einen achtj\u00e4hrigen Jungen durch Einritzen der Haut mit einem Sekret, welches die Viren der Kuhpocken enthielt. Nach Abklingen der Erkrankung infizierte Jenner den Jungen mit den echten Pocken. Gl\u00fccklicherweise \u00fcberstand der Junge das lebensbedrohliche Experiment gut. Da der \u201eImpfstoff\u201c aus der Kuh-Pest gewonnen wurde, nannte Jenner diesen \u201eVaccine\u201c, was etwa \u201evon K\u00fchen stammend\u201c bedeutet. Der Begriff hat sich allgemein f\u00fcr Impfstoffe durchgesetzt und ist seit der Corona-Pandemie jedem gel\u00e4ufig. 1967 wurde die Impfung gegen Pocken weltweit zur Pflicht, was innerhalb weniger Jahre zur vollst\u00e4ndigen Ausrottung der Krankheit f\u00fchrte.<\/p>\n\n\n\n<p>Wir haben nur einen Teil der Ausstellung besichtigen k\u00f6nnen, trotzdem waren am Ende die K\u00f6pfe voller neuer Informationen und Denkanst\u00f6\u00dfe.<\/p>\n\n\n\n<p>Anschlie\u00dfend mikroskopierten wir im Hildesheimer Explore Sciencenter in den R\u00e4umen der nahegelegenen VHS. Wir durften die modernen Digital-Mikroskope testen und verschiedene Pr\u00e4parate unter das Mikroskop legen. Fliegenbeine, Baumrinde, Zwiebelhaut und Erdnussteile sehen stark vergr\u00f6\u00dfert sehr interessant aus. Ein echtes Virus war zum Gl\u00fcck nicht dabei.<\/p>\n\n\n\n<p>Die Seuchenausstellung wird verl\u00e4ngert \u2013 vermutlich bis Pfingsten. Ein Besuch lohnt sich!<\/p>\n","protected":false},"excerpt":{"rendered":"<p>Passend zur aktuellen Pandemie-Lage kann im R\u00f6mer- und Pelizaeusmuseum derzeit eine Sonderausstellung mit dem Titel \u201eSeuchen Fluch der Vergangenheit Bedrohung der Zukunft\u201c besichtigt werden. Da&hellip;<\/p>\n","protected":false},"author":3,"featured_media":1760,"comment_status":"closed","ping_status":"closed","sticky":false,"template":"","format":"standard","meta":{"ngg_post_thumbnail":0,"footnotes":""},"categories":[20],"tags":[],"class_list":["post-1749","post","type-post","status-publish","format-standard","has-post-thumbnail","hentry","category-aktuelles"],"_links":{"self":[{"href":"https:\/\/www.bbs-alfeld.eu\/index.php\/wp-json\/wp\/v2\/posts\/1749","targetHints":{"allow":["GET"]}}],"collection":[{"href":"https:\/\/www.bbs-alfeld.eu\/index.php\/wp-json\/wp\/v2\/posts"}],"about":[{"href":"https:\/\/www.bbs-alfeld.eu\/index.php\/wp-json\/wp\/v2\/types\/post"}],"author":[{"embeddable":true,"href":"https:\/\/www.bbs-alfeld.eu\/index.php\/wp-json\/wp\/v2\/users\/3"}],"replies":[{"embeddable":true,"href":"https:\/\/www.bbs-alfeld.eu\/index.php\/wp-json\/wp\/v2\/comments?post=1749"}],"version-history":[{"count":4,"href":"https:\/\/www.bbs-alfeld.eu\/index.php\/wp-json\/wp\/v2\/posts\/1749\/revisions"}],"predecessor-version":[{"id":1759,"href":"https:\/\/www.bbs-alfeld.eu\/index.php\/wp-json\/wp\/v2\/posts\/1749\/revisions\/1759"}],"wp:featuredmedia":[{"embeddable":true,"href":"https:\/\/www.bbs-alfeld.eu\/index.php\/wp-json\/wp\/v2\/media\/1760"}],"wp:attachment":[{"href":"https:\/\/www.bbs-alfeld.eu\/index.php\/wp-json\/wp\/v2\/media?parent=1749"}],"wp:term":[{"taxonomy":"category","embeddable":true,"href":"https:\/\/www.bbs-alfeld.eu\/index.php\/wp-json\/wp\/v2\/categories?post=1749"},{"taxonomy":"post_tag","embeddable":true,"href":"https:\/\/www.bbs-alfeld.eu\/index.php\/wp-json\/wp\/v2\/tags?post=1749"}],"curies":[{"name":"wp","href":"https:\/\/api.w.org\/{rel}","templated":true}]}}