{"id":2345,"date":"2023-01-10T10:02:10","date_gmt":"2023-01-10T09:02:10","guid":{"rendered":"https:\/\/www.bbs-alfeld.eu\/?p=2345"},"modified":"2023-01-10T10:02:17","modified_gmt":"2023-01-10T09:02:17","slug":"reisebericht-unserer-studienfahrt-nach-prag","status":"publish","type":"post","link":"https:\/\/www.bbs-alfeld.eu\/index.php\/2023\/01\/10\/reisebericht-unserer-studienfahrt-nach-prag\/","title":{"rendered":"Reisebericht unserer Studienfahrt nach Prag"},"content":{"rendered":"\n<blockquote class=\"wp-block-quote is-layout-flow wp-block-quote-is-layout-flow\">\n<p>Im Zeitraum vom 09.10.2022 bis zum 14.10.2022 verbrachten einige Sch\u00fcler und Sch\u00fclerinnen des 13. Jahrgangs gemeinsam mit Frau Kolle und Frau Ehrlich eine sch\u00f6ne und eindrucksvolle Zeit auf Studienfahrt in Prag.<\/p>\n<cite>Von Kiara Schulz und Lara Kirschke<\/cite><\/blockquote>\n\n\n\n<p>Bereits bei der Vorstellung des Programms in Prag, welches Frau Kolle und Frau Ehrlich erstellten, wurde deutlich, dass eine interessante und eindrucksvolle Reise auf uns zukommen w\u00fcrde. Die Sch\u00fcler und Sch\u00fclerinnen unseres Jahrgangs, die nicht mit uns nach Prag gefahren sind, flogen gemeinsam mit Frau P\u00e4tzold und Frau Kornrumpf nach Dublin.<\/p>\n\n\n\n<p>Am 09.10.2022 fuhren wir bereits fr\u00fch morgens mit dem Zug in Alfeld los und kamen gegen 15:30 Uhr am Prager Hauptbahnhof an. Dort wurden wir von unserem Reiseleiter Michael herzlich empfangen und von ihm zum Taurus Hotel gebracht, in dem wir w\u00e4hrend des Aufenthaltes \u00fcbernachteten. Bereits am Anreisetag f\u00fchrte Michael uns durch die Innenstadt von Prag, damit wir schon einmal einen Eindruck von der Stadt bekommen konnten.<\/p>\n\n\n\n<p>Am n\u00e4chsten Tag f\u00fchrte er uns durch die Prager Altstadt und ging dabei immer wieder auf historische Ereignisse ein. Im Anschluss besuchten wir den Rathausturm. Von dort aus konnten wir einen Blick auf die gesamte Stadt werfen. Besonders eindrucksvoll war die Astronomische Uhr, welche am Rathaus angebracht ist. Zu jeder vollen Stunde erscheinen 12 Apostel \u00fcber der Uhr.<\/p>\n\n\n\n<p>Ein Besuch der Prager Burg fand am n\u00e4chsten Tag statt. Michael f\u00fchrte uns \u00fcber das gro\u00dfe Gel\u00e4nde und durch den Veitsdom. Au\u00dferdem zeigte er uns das Goldene G\u00e4sschen und ging dabei auf Franz Kafka ein, der dort zwischen 1916 und 1917 lebte. Am Abend besuchten wir die Staatsoper Prag und schauten dort das St\u00fcck \u201eLa Traviata\u201c an.<\/p>\n\n\n\n<p>Den Tag darauf besuchten wir zun\u00e4chst die Gedenkst\u00e4tte Heydrichiade und im Anschluss die Gedenkst\u00e4tte Lidice, welche sich au\u00dferhalb von Prag befindet. Lidice war ein kleines Dorf, welches im Jahr 1942 im Zusammenhang mit dem Attentat auf Reinhard Heydrich von den Nazis zerst\u00f6rt wurde. Durch die Besichtigung der Gedenkst\u00e4tten bekamen wir einen detailreichen und emotionalen Einblick in das damalige Geschehen.<\/p>\n\n\n\n<p>Der letzte Tag unserer Studienfahrt war besonders interessant. Wir fuhren mit einem Reisebus nach Mlad\u00e1 Boleslav und besichtigten die <a><\/a>\u0160koda Werke. Eine Mitarbeiterin f\u00fchrte uns durch verschiedene Produktionsgeb\u00e4ude. Ein Einblick in die Flie\u00dfbandarbeit zeigte, wie viele Schritte und Mitarbeiter n\u00f6tig sind, um ein Auto her- und fertigzustellen. Im Anschluss besuchten wir das dazugeh\u00f6rige Museum, welches Aufschluss \u00fcber die fr\u00fchere Produktion von Autos gab und fr\u00fchere Automodelle pr\u00e4sentierte.<\/p>\n\n\n\n<p>Danach fuhren wir mit dem Bus zu der Brauerei \u201ePivovar Svijany\u201c. Auch hier f\u00fchrte uns eine Mitarbeiterin durch die Produktionsgeb\u00e4ude, erkl\u00e4rte die verschiedenen Produktionsschritte eines Bieres und erz\u00e4hlte uns die Entstehungsgeschichte der Brauerei. Im Anschluss durften wir von dem frischen und leckeren Bier probieren.<\/p>\n\n\n\n<p>Am Abend besuchten wir die gr\u00f6\u00dfte Diskothek in Mitteleuropa, welche sich in Prag befindet. Neben einem Cocktailroboter und einer Ice Bar verf\u00fcgt der Club \u00fcber f\u00fcnf Etagen mit unterschiedlichen Musikgenres.<\/p>\n\n\n\n<p>Neben unserem Programm hatten wir viel Freizeit und somit die M\u00f6glichkeit, die Stadt selbstst\u00e4ndig zu erkunden.<\/p>\n\n\n\n<p>Diese wundersch\u00f6nen Erlebnisse verdanken wir dem Engagement von Frau Kolle und Frau Ehrlich. Beide waren sehr bem\u00fcht, ein interessantes Programm f\u00fcr unsere Studienfahrt zu erstellen, um uns eine sch\u00f6ne Zeit in Prag zu erm\u00f6glichen. Auch unser Reiseleiter Michael f\u00fchrte uns mit Freude durch das Programm. Er war sehr bem\u00fcht, uns viel \u00fcber Prag, die Stadtgeschichte und tschechische Traditionen zu erz\u00e4hlen.<\/p>\n\n\n\n<p>Wir alle erlebten ein paar sch\u00f6ne, interessante und spa\u00dfige Tage, die wir positiv in Erinnerung behalten werden.<\/p>\n\n\n\nngg_shortcode_0_placeholder\n","protected":false},"excerpt":{"rendered":"<p>Im Zeitraum vom 09.10.2022 bis zum 14.10.2022 verbrachten einige Sch\u00fcler und Sch\u00fclerinnen des 13. Jahrgangs gemeinsam mit Frau Kolle und Frau Ehrlich eine sch\u00f6ne und&hellip;<\/p>\n","protected":false},"author":3,"featured_media":2356,"comment_status":"closed","ping_status":"closed","sticky":false,"template":"","format":"standard","meta":{"ngg_post_thumbnail":0,"footnotes":""},"categories":[20],"tags":[],"class_list":["post-2345","post","type-post","status-publish","format-standard","has-post-thumbnail","hentry","category-aktuelles"],"_links":{"self":[{"href":"https:\/\/www.bbs-alfeld.eu\/index.php\/wp-json\/wp\/v2\/posts\/2345","targetHints":{"allow":["GET"]}}],"collection":[{"href":"https:\/\/www.bbs-alfeld.eu\/index.php\/wp-json\/wp\/v2\/posts"}],"about":[{"href":"https:\/\/www.bbs-alfeld.eu\/index.php\/wp-json\/wp\/v2\/types\/post"}],"author":[{"embeddable":true,"href":"https:\/\/www.bbs-alfeld.eu\/index.php\/wp-json\/wp\/v2\/users\/3"}],"replies":[{"embeddable":true,"href":"https:\/\/www.bbs-alfeld.eu\/index.php\/wp-json\/wp\/v2\/comments?post=2345"}],"version-history":[{"count":1,"href":"https:\/\/www.bbs-alfeld.eu\/index.php\/wp-json\/wp\/v2\/posts\/2345\/revisions"}],"predecessor-version":[{"id":2361,"href":"https:\/\/www.bbs-alfeld.eu\/index.php\/wp-json\/wp\/v2\/posts\/2345\/revisions\/2361"}],"wp:featuredmedia":[{"embeddable":true,"href":"https:\/\/www.bbs-alfeld.eu\/index.php\/wp-json\/wp\/v2\/media\/2356"}],"wp:attachment":[{"href":"https:\/\/www.bbs-alfeld.eu\/index.php\/wp-json\/wp\/v2\/media?parent=2345"}],"wp:term":[{"taxonomy":"category","embeddable":true,"href":"https:\/\/www.bbs-alfeld.eu\/index.php\/wp-json\/wp\/v2\/categories?post=2345"},{"taxonomy":"post_tag","embeddable":true,"href":"https:\/\/www.bbs-alfeld.eu\/index.php\/wp-json\/wp\/v2\/tags?post=2345"}],"curies":[{"name":"wp","href":"https:\/\/api.w.org\/{rel}","templated":true}]}}