{"id":2418,"date":"2023-04-10T20:37:12","date_gmt":"2023-04-10T18:37:12","guid":{"rendered":"https:\/\/www.bbs-alfeld.eu\/?p=2418"},"modified":"2023-04-10T20:36:08","modified_gmt":"2023-04-10T18:36:08","slug":"endlich-geht-es-wieder-auf-die-piste","status":"publish","type":"post","link":"https:\/\/www.bbs-alfeld.eu\/index.php\/2023\/04\/10\/endlich-geht-es-wieder-auf-die-piste\/","title":{"rendered":"Endlich geht es wieder auf die Piste!!!"},"content":{"rendered":"\n<blockquote class=\"wp-block-quote is-layout-flow wp-block-quote-is-layout-flow\">\n<p>Vom 13.02. bis 18.02 ging es f\u00fcr einige Sch\u00fclerinnen und Sch\u00fcler des beruflichen Gymnasiums mit Frau Kornrumpf, Herrn Deutsch und Herrn Fritsche auf Skikursfahrt.<\/p>\n<\/blockquote>\n\n\n\n<p><strong>1. Tag: Anreise \u2013 Montag<\/strong><\/p>\n\n\n\n<p>Mit ein \u201ewenig\u201c Versp\u00e4tung startete unsere Fahrt am Montag, den 13.02, um 9:00 Uhr (geplant war 7:30 Uhr) nach Inzell. Wir machten \u00fcber die Fahrt hinweg vier Pausen, bei denen wir einmal bei einem McDonalds hielten. Nachdem wir dann nach ca. 11 Stunden Fahrt bei unserer Ferienanlage ankamen und unsere Koffer aus dem Bus holten und diese schon einmal in die H\u00e4user brachten, trafen wir uns im Gemeinschaftsraum. Dort bekamen wir unsere Helme und Schuhe, so dass wir am n\u00e4chsten Tag gleich in den Gruppen starten konnten.<\/p>\n\n\n\n<p><strong>2. Tag: &#8211; Dienstag<\/strong><\/p>\n\n\n\n<p>Unser erster Skitag begann Fr\u00fch um 7:30 Uhr mit einem Fr\u00fchst\u00fccks B\u00fcfett. Danach ging es mit dem Bus in das Skigebiet Winklmoosalm \/ Steinplatte und anschlie\u00dfend mit der Gondel hoch auf die Pisten. Oben angekommen trafen wir uns je nach Fortschritt in unseren Gruppen, Anf\u00e4nger, Wiedereinsteiger und Fortgeschrittene. W\u00e4hrend die Anf\u00e4nger erstmal Grundtechniken lernten, ging es f\u00fcr die Wiedereinsteiger auf die blaue Piste. Die Fortgeschrittenen hingegen durften direkt nach \u00d6sterreich und sich auf den roten Pisten beweisen. Zwischendurch machten alle Gruppen an ihren naheliegenden Almen Mittagspause, bis es dann danach direkt wieder auf die Pisten ging. Dort ging es mit Pizza und Pommes weiter: die Anf\u00e4nger auf einem kleineren, aber steilen Berg das Bremsen und Anfahren mit der Pizzast\u00fcck-Methode. Was einige physisch und psychisch vor echte Herausforderungen stellte. Um 16:00 Uhr beendeten wir den Tag im Schnee und fuhren um 16:30 Uhr wieder in Richtung Anlage. Die kurze Busfahrt nutzten einige f\u00fcr ein spontanes Power-Napping: Skifahren macht m\u00fcde und abends gilt es wieder fit zu sein. Daf\u00fcr wurde bei einem \u201ekurzen\u201c Stopp (auch hier nahmen es einige nicht so ernst mit der P\u00fcnktlichkeit) bei Edeka vorgesorgt, bis es dann nach zwei Stunden Freizeit zum Abendessen ging. Den restlichen Abend genossen wir und freuten uns schon auf den n\u00e4chsten Tag.<\/p>\n\n\n\n<p><strong>3.<\/strong> <strong>Tag: &#8211; Mittwoch<\/strong><\/p>\n\n\n\n<p>Unser zweiter Skitag begann wieder fr\u00fch am Morgen mit einem Fr\u00fchst\u00fcck, bei dem anschlie\u00dfend noch ein wenig Organisatorisches besprochen wurde. Danach ging es wie am Vortag auch gegen 8:30 Uhr wieder mit dem Bus ins Skigebiet. Die Wiedereinsteiger durften heute auch nach \u00d6sterreich. Die Fortgeschrittenen durften heute schon von Anfang an auf die schwarze Piste, w\u00e4hrend die Anf\u00e4nger noch einmal die Grundlagen wiederholten. Au\u00dferdem teilten wir die Gruppen noch einmal, damit jeder individuell ber\u00fccksichtigt wurde. Leider hatten einige etwas Muskelkater vom Vortag, doch das hielt die meisten nicht vom Fahren ab. In der Mittagspause setzten wir uns auf eine Alm und tranken typisch f\u00fcr Skifahrer, Skiwasser. Danach fuhren wir in Kleingruppen selbst\u00e4ndig auf ausgesuchten Pisten, bis es dann f\u00fcr uns um 16:30 Uhr wieder zur\u00fcck in unsere Anlage ging.<\/p>\n\n\n\n<p><strong>4. Tag: &#8211; Donnerstag<\/strong><\/p>\n\n\n\n<p>An unserem dritten Skitag gab es &#8211; oben angekommen &#8211; einen Lehrerwechsel unter den Gruppen. Danach ging es nach ein paar Fahrten in Deutschland, auch f\u00fcr die Anf\u00e4nger mit dem Lift nach \u00d6sterreich. Auf der 1.800m hohen Steinplatte genossen wir erstmal den atemberaubenden Ausblick auf die Alpen und machten im Anschluss eine kleine Pause. Danach fuhren alle wieder los und wagten sich, jeder wie er sich traute, auf die rote oder auch auf die schwarze Piste. Die Anf\u00e4nger durften sich auf die roten Pisten wagen und das bisher gelernte Wissen anwenden. Es ging einige Male runter und wieder hoch, bis man sich sicher f\u00fchlte und die roten Pisten langsam beherrschte. In der Mittagspause gab es auf der Alm typische S\u00fcdtirolische Leckereien, wie Kaiserschmarrn, Germkn\u00f6del oder K\u00e4sesp\u00e4tzle. Bis es dann die Talabfahrt wieder runterging und wir wie \u00fcblich um 16:30 Uhr wieder zur\u00fcck in die Anlage fuhren.<\/p>\n\n\n\n<p><strong>5. Tag: Pr\u00fcfungstag &#8211; Freitag<\/strong><\/p>\n\n\n\n<p>Sehr zur Freude der Sch\u00fclerinnen und Sch\u00fcler startete der Skitag noch ein wenig fr\u00fcher und wir fuhren schon um 8:00 Uhr mit dem Bus ins Skigebiet los. Dort angekommen durften sich die Fortgeschritten in kleinen Gruppen zusammenfinden und allein losfahren. F\u00fcr die Anf\u00e4nger und Fortgeschrittenen gab es jeweils zwei kleinere Pr\u00fcfungen. So konnten sie das Gelernte anwenden und zeigen, was sie k\u00f6nnen. Nachmittags ging es f\u00fcr sie dann wieder nach \u00d6sterreich, wo die Wiedereinsteiger mit den Fortgeschrittenen, die eine selbstausgedachte Choreo einstudieren und vorzeigen mussten, nach dem Buddy-Prinzip mal ohne Lehrkr\u00e4fte fahren durften. Dass der Tag besonders anstrengend f\u00fcr alle war, bemerkte man an der nur 20-min\u00fctigen Busfahrt zur\u00fcck in die Anlage, bei der der ein oder andere vor Ersch\u00f6pfung einschlief. Doch dies hielt keinen auf, den letzten Abend nochmal richtig auszunutzen. Wir wollen nicht zu viel verraten und vielleicht k\u00f6nnt ihr euch vorstellen was f\u00fcr ein guter Abschlussabend dies war, wenn wir euch erz\u00e4hlen, dass es in einem der H\u00e4user keine Gl\u00e4ser mehr gab, und die M\u00fcslischalen zu Gl\u00e4sern umfunktioniert wurden \u2026<\/p>\n\n\n\n<p><strong>6. Tag: Abreise \u2013 Samstag<\/strong><\/p>\n\n\n\n<p>Am letzten Tag wurden morgens die H\u00e4user nach Sauberkeit kontrolliert und das Gep\u00e4ck wurde in drei sogenannte Duschh\u00e4user gebracht, die anderen wurden schon abgegeben. Um 9:00 Uhr ging es f\u00fcr uns dann nur ein paar Stunden ins Skigebiet, denn die Abreise stand bevor. &nbsp;Wir durften in kleinen Gruppen fahren, wo wir wollten. Was nicht unbedingt f\u00fcr alle so spa\u00dfig war, denn ein Sch\u00fcler der mitgereisten Friedrich-List-Schule verletzte sich und entkam nur knapp einem Armbruch. Bemerkenswert an dieser Stelle ist, dass sich alle \u00fcber die Woche hin zur\u00fcckhielten und es erst am letzten Tag zu Unf\u00e4llen kam. Am Mittag ging es dann wieder zur\u00fcck in unsere Ferienanlage. Dort angekommen standen wir vor der Herausforderung des Turboduschens: im 5 Minuten Rhythmus pro Person, auf die \u00fcbrigen drei H\u00e4user verteilt. Doch dies \u00fcberstanden alle \u00fcberraschend gut und es ging ans restliche Zusammenpacken der Sachen. Danach gaben wir die letzten drei H\u00e4user sauber und ordentlich wieder ab. Gegen 16 Uhr ging es los, erst in die Notaufnahme unser Unfallopfer abholen und dann zur\u00fcck nach Hause. Die R\u00fcckfahrt dauerte nicht so lange wie die Hinfahrt, weswegen wir Sonntag um 2 Uhr wieder an unserer Schule ankamen.<\/p>\n\n\n\n<p>Verfasst von Sophia und Leonie<\/p>\n\n\n\n<p>Fazit (der Lehrkr\u00e4fte): Es war eine anstrengende, vor allem aber tolle Woche, in der wir uns gegenseitig aber auch selbst kennengelernt haben, eine tolle Landschaft und gutes Essen genie\u00dfen durften. Nat\u00fcrlich stand der sportliche Aspekt im Vordergrund, der Spa\u00df kam dabei weder auf der Piste noch beim Apres-Ski zu kurz \u2013 ganz im Gegenteil. Wir freuen uns auf eine Wiederholung im kommenden Jahr.<\/p>\n\n\n\nngg_shortcode_0_placeholder\n","protected":false},"excerpt":{"rendered":"<p>Vom 13.02. bis 18.02 ging es f\u00fcr einige Sch\u00fclerinnen und Sch\u00fcler des beruflichen Gymnasiums mit Frau Kornrumpf, Herrn Deutsch und Herrn Fritsche auf Skikursfahrt. 1.&hellip;<\/p>\n","protected":false},"author":3,"featured_media":2437,"comment_status":"closed","ping_status":"closed","sticky":false,"template":"","format":"standard","meta":{"ngg_post_thumbnail":0,"footnotes":""},"categories":[20,1],"tags":[],"class_list":["post-2418","post","type-post","status-publish","format-standard","has-post-thumbnail","hentry","category-aktuelles","category-uncategorized"],"_links":{"self":[{"href":"https:\/\/www.bbs-alfeld.eu\/index.php\/wp-json\/wp\/v2\/posts\/2418","targetHints":{"allow":["GET"]}}],"collection":[{"href":"https:\/\/www.bbs-alfeld.eu\/index.php\/wp-json\/wp\/v2\/posts"}],"about":[{"href":"https:\/\/www.bbs-alfeld.eu\/index.php\/wp-json\/wp\/v2\/types\/post"}],"author":[{"embeddable":true,"href":"https:\/\/www.bbs-alfeld.eu\/index.php\/wp-json\/wp\/v2\/users\/3"}],"replies":[{"embeddable":true,"href":"https:\/\/www.bbs-alfeld.eu\/index.php\/wp-json\/wp\/v2\/comments?post=2418"}],"version-history":[{"count":2,"href":"https:\/\/www.bbs-alfeld.eu\/index.php\/wp-json\/wp\/v2\/posts\/2418\/revisions"}],"predecessor-version":[{"id":2436,"href":"https:\/\/www.bbs-alfeld.eu\/index.php\/wp-json\/wp\/v2\/posts\/2418\/revisions\/2436"}],"wp:featuredmedia":[{"embeddable":true,"href":"https:\/\/www.bbs-alfeld.eu\/index.php\/wp-json\/wp\/v2\/media\/2437"}],"wp:attachment":[{"href":"https:\/\/www.bbs-alfeld.eu\/index.php\/wp-json\/wp\/v2\/media?parent=2418"}],"wp:term":[{"taxonomy":"category","embeddable":true,"href":"https:\/\/www.bbs-alfeld.eu\/index.php\/wp-json\/wp\/v2\/categories?post=2418"},{"taxonomy":"post_tag","embeddable":true,"href":"https:\/\/www.bbs-alfeld.eu\/index.php\/wp-json\/wp\/v2\/tags?post=2418"}],"curies":[{"name":"wp","href":"https:\/\/api.w.org\/{rel}","templated":true}]}}