{"id":2840,"date":"2025-01-19T16:10:00","date_gmt":"2025-01-19T15:10:00","guid":{"rendered":"https:\/\/www.bbs-alfeld.eu\/?p=2840"},"modified":"2025-02-12T10:19:53","modified_gmt":"2025-02-12T09:19:53","slug":"save-the-date-19-02-2025","status":"publish","type":"post","link":"https:\/\/www.bbs-alfeld.eu\/index.php\/2025\/01\/19\/save-the-date-19-02-2025\/","title":{"rendered":"SAVE THE DATE 19.02.2025"},"content":{"rendered":"\n<p>Am 19. Februar 2025 l\u00e4dt die Berufsbildende Schule Alfeld (BBS) alle Sch\u00fclerinnen und Sch\u00fcler ab der 7. Klasse zum Tag der offenen Stunde ein, unter dem Motto \u201eWir machen Lernen zum Erlebnis \u2013 BBS Berufliche Bildung mit Spa\u00df!\u201c Die Veranstaltung bietet spannende Mitmachaktionen und Einblicke in das vielf\u00e4ltige Bildungsangebot der Schule. Ab 18:00 Uhr sind auch Eltern und Erziehende herzlich willkommen, um sich \u00fcber die Bildungsangebote und die wichtige Rolle der Eltern in der Berufsorientierung zu informieren. Die BBS f\u00f6rdert die pers\u00f6nliche Entwicklung der Jugendlichen und legt Wert auf berufliche Autonomie sowie lebenslanges Lernen, w\u00e4hrend neue Ausbildungswege schnelle Erfolge erm\u00f6glichen. Nutzen Sie diese Gelegenheit, um mehr \u00fcber die Zukunftschancen an der BBS Alfeld zu erfahren!<\/p>\n\n\n\n<figure class=\"wp-block-audio\"><audio controls src=\"https:\/\/www.bbs-alfeld.eu\/wp-content\/uploads\/2025\/01\/BBS_Podcast-1902.mp3\"><\/audio><\/figure>\n\n\n\n<figure class=\"wp-block-image size-full\"><img loading=\"lazy\" decoding=\"async\" width=\"640\" height=\"638\" src=\"https:\/\/www.bbs-alfeld.eu\/wp-content\/uploads\/2025\/01\/IMG_8153.jpg\" alt=\"\" class=\"wp-image-2918\" srcset=\"https:\/\/www.bbs-alfeld.eu\/wp-content\/uploads\/2025\/01\/IMG_8153.jpg 640w, https:\/\/www.bbs-alfeld.eu\/wp-content\/uploads\/2025\/01\/IMG_8153-300x300.jpg 300w, https:\/\/www.bbs-alfeld.eu\/wp-content\/uploads\/2025\/01\/IMG_8153-150x150.jpg 150w\" sizes=\"auto, (max-width: 640px) 100vw, 640px\" \/><\/figure>\n","protected":false},"excerpt":{"rendered":"<p>Am 19. Februar 2025 l\u00e4dt die Berufsbildende Schule Alfeld (BBS) alle Sch\u00fclerinnen und Sch\u00fcler ab der 7. Klasse zum Tag der offenen Stunde ein, unter&hellip;<\/p>\n","protected":false},"author":3,"featured_media":2918,"comment_status":"closed","ping_status":"closed","sticky":false,"template":"","format":"standard","meta":{"ngg_post_thumbnail":0,"footnotes":""},"categories":[20,1],"tags":[],"class_list":["post-2840","post","type-post","status-publish","format-standard","has-post-thumbnail","hentry","category-aktuelles","category-uncategorized"],"_links":{"self":[{"href":"https:\/\/www.bbs-alfeld.eu\/index.php\/wp-json\/wp\/v2\/posts\/2840","targetHints":{"allow":["GET"]}}],"collection":[{"href":"https:\/\/www.bbs-alfeld.eu\/index.php\/wp-json\/wp\/v2\/posts"}],"about":[{"href":"https:\/\/www.bbs-alfeld.eu\/index.php\/wp-json\/wp\/v2\/types\/post"}],"author":[{"embeddable":true,"href":"https:\/\/www.bbs-alfeld.eu\/index.php\/wp-json\/wp\/v2\/users\/3"}],"replies":[{"embeddable":true,"href":"https:\/\/www.bbs-alfeld.eu\/index.php\/wp-json\/wp\/v2\/comments?post=2840"}],"version-history":[{"count":5,"href":"https:\/\/www.bbs-alfeld.eu\/index.php\/wp-json\/wp\/v2\/posts\/2840\/revisions"}],"predecessor-version":[{"id":2993,"href":"https:\/\/www.bbs-alfeld.eu\/index.php\/wp-json\/wp\/v2\/posts\/2840\/revisions\/2993"}],"wp:featuredmedia":[{"embeddable":true,"href":"https:\/\/www.bbs-alfeld.eu\/index.php\/wp-json\/wp\/v2\/media\/2918"}],"wp:attachment":[{"href":"https:\/\/www.bbs-alfeld.eu\/index.php\/wp-json\/wp\/v2\/media?parent=2840"}],"wp:term":[{"taxonomy":"category","embeddable":true,"href":"https:\/\/www.bbs-alfeld.eu\/index.php\/wp-json\/wp\/v2\/categories?post=2840"},{"taxonomy":"post_tag","embeddable":true,"href":"https:\/\/www.bbs-alfeld.eu\/index.php\/wp-json\/wp\/v2\/tags?post=2840"}],"curies":[{"name":"wp","href":"https:\/\/api.w.org\/{rel}","templated":true}]}}