{"id":2861,"date":"2024-11-29T12:12:28","date_gmt":"2024-11-29T11:12:28","guid":{"rendered":"https:\/\/www.bbs-alfeld.eu\/?p=2861"},"modified":"2024-11-29T12:12:30","modified_gmt":"2024-11-29T11:12:30","slug":"jeden-tag-einzigartig-die-berufsbildende-schule-alfeld-setzt-massstaebe-in-der-ausbildung","status":"publish","type":"post","link":"https:\/\/www.bbs-alfeld.eu\/index.php\/2024\/11\/29\/jeden-tag-einzigartig-die-berufsbildende-schule-alfeld-setzt-massstaebe-in-der-ausbildung\/","title":{"rendered":"Jeden Tag einzigartig: Die Berufsbildende Schule Alfeld setzt Ma\u00dfst\u00e4be in der Ausbildung"},"content":{"rendered":"\n<p>Im Rahmen der Kampagne \u201e<a href=\"https:\/\/jeden-tag-einzigartig.de\/\">Jeden Tag einzigartig<\/a>\u201c des Nieders\u00e4chsischen Kultusministeriums (MK Niedersachsen) r\u00fcckt die Berufsbildende Schule Alfeld (Leine) ihre vielf\u00e4ltigen Bildungsangebote in den Fokus. Die BBS Alfeld bietet eine breite Palette an Ausbildungsm\u00f6glichkeiten in den Fachbereichen Technik, Wirtschaft, Gesundheit und Soziales. Besonders hervorzuheben ist die Fachschule f\u00fcr Sozialp\u00e4dagogik, die angehenden Fachkr\u00e4ften eine fundierte Ausbildung bietet, um sie optimal auf die Herausforderungen im sozialen Bereich vorzubereiten.<\/p>\n\n\n\n<p>Die Fachschule f\u00fcr Sozialp\u00e4dagogik legt gro\u00dfen Wert auf praxisnahes Lernen. Durch enge Kooperationen mit Kinderg\u00e4rten, Schulen und sozialen Einrichtungen in der Region haben die Auszubildenden die M\u00f6glichkeit, ihr theoretisches Wissen direkt in der Praxis anzuwenden. Hierbei werden nicht nur fachliche Kompetenzen vermittelt, sondern auch soziale F\u00e4higkeiten gef\u00f6rdert, die f\u00fcr die Arbeit mit Kindern, Jugendlichen und Familien unerl\u00e4sslich sind. Die Sch\u00fcler lernen, individuelle Bed\u00fcrfnisse zu erkennen und darauf einzugehen \u2013 eine F\u00e4higkeit von gro\u00dfer Bedeutung in unserer heutigen Gesellschaft.<\/p>\n\n\n\n<p>Zus\u00e4tzlich zur Fachschule bietet die BBS Alfeld auch ein Duales Studium in Soziale Arbeit &amp; Management (B.A.) in Kooperation mit der FHM Fachhochschule des Mittelstands an. Dieses Modell erm\u00f6glicht es den Studierenden, Theorie und Praxis zu verkn\u00fcpfen, indem sie an einer Hochschule studieren und gleichzeitig praktische Erfahrungen in sozialen Einrichtungen sammeln.<\/p>\n\n\n\n<p>Am <strong>19. Februar 2025<\/strong> l\u00e4dt die BBS Alfeld alle Interessierten herzlich zu ihrem <strong>\u201eTag der offenen Stunde\u201c<\/strong> ein. Vormittags k\u00f6nnen Sch\u00fcler und Eltern die verschiedenen Schulformen kennenlernen und sich \u00fcber die Ergebnisse der Unterrichtspraxis informieren. Besonders hervorzuheben ist die Nachmittagsveranstaltung von <strong>18:00 bis 19:30 Uhr<\/strong>, bei der umfassende Informationen \u00fcber die Bildungsg\u00e4nge sowie den \u00dcbergang in den Beruf bereitgestellt werden. Dies bietet eine hervorragende Gelegenheit zum Austausch mit Lehrkr\u00e4ften und zur Erkundung der vielf\u00e4ltigen M\u00f6glichkeiten im sozialp\u00e4dagogischen Bereich.<\/p>\n\n\n\n<p>Die Schulleitung betont: \u201eWir legen gro\u00dfen Wert darauf, dass unsere Sch\u00fcler nicht nur Fachwissen erwerben, sondern auch Empathie und Teamf\u00e4higkeit entwickeln.\u201c Dies spiegelt sich auch in zahlreichen Projekten wider, bei denen sich die Sch\u00fcler aktiv engagieren oder Veranstaltungen zur Sensibilisierung f\u00fcr gesellschaftliche Themen organisieren.<\/p>\n\n\n\n<p>Ein weiterer wichtiger Aspekt der Ausbildung an der BBS Alfeld ist die F\u00f6rderung von Diversit\u00e4t und Inklusion. Die Schule setzt sich aktiv daf\u00fcr ein, ein Umfeld zu schaffen, in dem alle Sch\u00fcler unabh\u00e4ngig von ihrer Herkunft oder ihren individuellen Bed\u00fcrfnissen gleichberechtigt lernen k\u00f6nnen.<\/p>\n\n\n\n<p>Insgesamt ist die BBS Alfeld ein Paradebeispiel daf\u00fcr, wie Bildungseinrichtungen einen bedeutenden Beitrag zur Gesellschaft leisten k\u00f6nnen. Nutzen Sie am <strong>19. Februar 2025<\/strong> die Gelegenheit beim \u201eTag der offenen Stunde\u201c, um mehr \u00fcber diese einzigartige Schule zu erfahren!<\/p>\n\n\n\n<p>Folge dem Link: <a href=\"https:\/\/jeden-tag-einzigartig.de\/\">https:\/\/jeden-tag-einzigartig.de\/<\/a><\/p>\n\n\n\n<figure class=\"wp-block-image size-large\"><img loading=\"lazy\" decoding=\"async\" width=\"1024\" height=\"683\" src=\"https:\/\/www.bbs-alfeld.eu\/wp-content\/uploads\/2024\/11\/Ministerin-Plakatiert-1024x683.jpg\" alt=\"\" class=\"wp-image-2862\" srcset=\"https:\/\/www.bbs-alfeld.eu\/wp-content\/uploads\/2024\/11\/Ministerin-Plakatiert-1024x683.jpg 1024w, https:\/\/www.bbs-alfeld.eu\/wp-content\/uploads\/2024\/11\/Ministerin-Plakatiert-300x200.jpg 300w, https:\/\/www.bbs-alfeld.eu\/wp-content\/uploads\/2024\/11\/Ministerin-Plakatiert-768x512.jpg 768w, https:\/\/www.bbs-alfeld.eu\/wp-content\/uploads\/2024\/11\/Ministerin-Plakatiert-1536x1024.jpg 1536w, https:\/\/www.bbs-alfeld.eu\/wp-content\/uploads\/2024\/11\/Ministerin-Plakatiert-2048x1365.jpg 2048w\" sizes=\"auto, (max-width: 1024px) 100vw, 1024px\" \/><\/figure>\n\n\n\n<p>Kultusministerin Hamburg beklebt am Kr\u00f6pcke in Hannover eine der ersten Plakatw\u00e4nde zur Er\u00f6ffnung der Kampagne.<\/p>\n\n\n\n<figure class=\"wp-block-image size-large\"><img loading=\"lazy\" decoding=\"async\" width=\"1024\" height=\"728\" src=\"https:\/\/www.bbs-alfeld.eu\/wp-content\/uploads\/2024\/11\/Quatsch-mit-Sosse-1024x728.jpg\" alt=\"\" class=\"wp-image-2863\" srcset=\"https:\/\/www.bbs-alfeld.eu\/wp-content\/uploads\/2024\/11\/Quatsch-mit-Sosse-1024x728.jpg 1024w, https:\/\/www.bbs-alfeld.eu\/wp-content\/uploads\/2024\/11\/Quatsch-mit-Sosse-300x213.jpg 300w, https:\/\/www.bbs-alfeld.eu\/wp-content\/uploads\/2024\/11\/Quatsch-mit-Sosse-768x546.jpg 768w, https:\/\/www.bbs-alfeld.eu\/wp-content\/uploads\/2024\/11\/Quatsch-mit-Sosse-1536x1092.jpg 1536w, https:\/\/www.bbs-alfeld.eu\/wp-content\/uploads\/2024\/11\/Quatsch-mit-Sosse-2048x1456.jpg 2048w\" sizes=\"auto, (max-width: 1024px) 100vw, 1024px\" \/><\/figure>\n\n\n\n<p>Kontakt: Dr. Sotiria Argyrokastriti<br>Tel.: +49 (0) 5181 706-108 &#8211; E-Mail: Soti&#114;&#105;&#97;&#46;&#65;&#x72;&#x67;&#x79;&#x72;&#x6f;&#x6b;&#x61;stri&#116;&#105;&#64;&#98;&#98;&#x73;&#x2d;&#x61;&#x6c;&#x66;&#x65;&#x6c;&#x64;&#46;eu<\/p>\n","protected":false},"excerpt":{"rendered":"<p>Im Rahmen der Kampagne \u201eJeden Tag einzigartig\u201c des Nieders\u00e4chsischen Kultusministeriums (MK Niedersachsen) r\u00fcckt die Berufsbildende Schule Alfeld (Leine) ihre vielf\u00e4ltigen Bildungsangebote in den Fokus. Die&hellip;<\/p>\n","protected":false},"author":3,"featured_media":2863,"comment_status":"closed","ping_status":"closed","sticky":false,"template":"","format":"standard","meta":{"ngg_post_thumbnail":0,"footnotes":""},"categories":[20],"tags":[],"class_list":["post-2861","post","type-post","status-publish","format-standard","has-post-thumbnail","hentry","category-aktuelles"],"_links":{"self":[{"href":"https:\/\/www.bbs-alfeld.eu\/index.php\/wp-json\/wp\/v2\/posts\/2861","targetHints":{"allow":["GET"]}}],"collection":[{"href":"https:\/\/www.bbs-alfeld.eu\/index.php\/wp-json\/wp\/v2\/posts"}],"about":[{"href":"https:\/\/www.bbs-alfeld.eu\/index.php\/wp-json\/wp\/v2\/types\/post"}],"author":[{"embeddable":true,"href":"https:\/\/www.bbs-alfeld.eu\/index.php\/wp-json\/wp\/v2\/users\/3"}],"replies":[{"embeddable":true,"href":"https:\/\/www.bbs-alfeld.eu\/index.php\/wp-json\/wp\/v2\/comments?post=2861"}],"version-history":[{"count":1,"href":"https:\/\/www.bbs-alfeld.eu\/index.php\/wp-json\/wp\/v2\/posts\/2861\/revisions"}],"predecessor-version":[{"id":2864,"href":"https:\/\/www.bbs-alfeld.eu\/index.php\/wp-json\/wp\/v2\/posts\/2861\/revisions\/2864"}],"wp:featuredmedia":[{"embeddable":true,"href":"https:\/\/www.bbs-alfeld.eu\/index.php\/wp-json\/wp\/v2\/media\/2863"}],"wp:attachment":[{"href":"https:\/\/www.bbs-alfeld.eu\/index.php\/wp-json\/wp\/v2\/media?parent=2861"}],"wp:term":[{"taxonomy":"category","embeddable":true,"href":"https:\/\/www.bbs-alfeld.eu\/index.php\/wp-json\/wp\/v2\/categories?post=2861"},{"taxonomy":"post_tag","embeddable":true,"href":"https:\/\/www.bbs-alfeld.eu\/index.php\/wp-json\/wp\/v2\/tags?post=2861"}],"curies":[{"name":"wp","href":"https:\/\/api.w.org\/{rel}","templated":true}]}}