{"id":3223,"date":"2025-11-04T10:50:07","date_gmt":"2025-11-04T09:50:07","guid":{"rendered":"https:\/\/www.bbs-alfeld.eu\/?p=3223"},"modified":"2025-11-04T10:50:22","modified_gmt":"2025-11-04T09:50:22","slug":"konzert-zum-reformationstag-an-den-bbs-alfeld-mit-til-von-dombois-und-band","status":"publish","type":"post","link":"https:\/\/www.bbs-alfeld.eu\/index.php\/2025\/11\/04\/konzert-zum-reformationstag-an-den-bbs-alfeld-mit-til-von-dombois-und-band\/","title":{"rendered":"Konzert zum Reformationstag an den BBS Alfeld mit Til von Dombois und Band"},"content":{"rendered":"\n<p><strong>Alfeld \u2013 <\/strong>Dass man sich auch singend dem Thema Reformation n\u00e4hern kann, bewies k\u00fcrzlich der Popkantor der Landeskirche, Til von Dombois, der mit seiner Band in der Aula der Berufsbildenden Schulen Alfeld (BBS) unter dem Titel \u201eRock\u2019n Reformation\u201c auftrat. Rund 200 Sch\u00fclerinnen und Sch\u00fcler klatschten und sangen begeistert mit, als S\u00e4ngerin Chiara Bon, Jan Jurat (Gitarre), Julian Russi (Drums) und Til von Dombois (Keyboard und Gesang) bekannte Songs wie \u201eLieblingsmensch\u201c von Namika oder \u201eKomm frei sein\u201c anstimmten. Bei \u201eFields of Gold\u201c z\u00fcckten die Jugendlichen dann ihre Smartphones und schwenkten sie mit eingeschalteter Taschenlampe im Takt der Musik.<\/p>\n\n\n\n<p>\u201eWir wollen den Sch\u00fclerinnen und Sch\u00fclern mit dem Konzert den Reformationstag n\u00e4herbringen\u201c, sagte der Schulpastor der BBS Alfeld, Matthias G\u00fcnther, der das besondere, alle zwei Jahre stattfindende Konzert, das aus Mitteln der Landeskirche gef\u00f6rdert wird, bereits zum vierten Mal an der BBS ausrichtet. F\u00fcr die Jugendlichen sei es jedes Mal ein sch\u00f6nes Erlebnis: \u201eDas ist etwas, an das sie sich auch nach dem Ende ihrer Schulzeit zur\u00fcckerinnern werden\u201c, betonte er.<\/p>\n\n\n\n<p>Schlie\u00dflich kam auch der Bildungsauftrag nicht zu kurz, wenn auch mit einem Augenzwinkern: S\u00e4nger Til von Dombois hatte ein kleines Quizz mit Fragen zu Martin Luther und zur Reformation vorbereitet. So ging er durch die Reihen und suchte sich nach dem Zufallsprinzip Personen aus, die seine Fragen beantworten sollten. Beispiel: Was hat Luther \u00fcbersetzt? Die Bibel ins Deutsche, das Grundgesetz oder die Anleitung f\u00fcr den Thermomix?<\/p>\n\n\n\n<p>Nach dem Ende des zweist\u00fcndigen Konzerts ging es f\u00fcr die Sch\u00fclerinnen und Sch\u00fcler dann ins verl\u00e4ngerte Feiertagswochenende.<\/p>\n\n\n\n<p>Til von Dombois ist seit 2012 Popkantor der Landeskirche Hannovers. Der 1980 in Kiel als Tilmann Wei\u00df geborene S\u00e4nger war mit seiner Popkantor Band unter anderem beim Kirchentag 2025 in Hannover vertreten.<\/p>\n\n\n\n<figure class=\"wp-block-image size-large\"><img loading=\"lazy\" decoding=\"async\" width=\"1024\" height=\"683\" src=\"https:\/\/www.bbs-alfeld.eu\/wp-content\/uploads\/2025\/11\/Bild2-1024x683.jpg\" alt=\"\" class=\"wp-image-3224\" srcset=\"https:\/\/www.bbs-alfeld.eu\/wp-content\/uploads\/2025\/11\/Bild2-1024x683.jpg 1024w, https:\/\/www.bbs-alfeld.eu\/wp-content\/uploads\/2025\/11\/Bild2-300x200.jpg 300w, https:\/\/www.bbs-alfeld.eu\/wp-content\/uploads\/2025\/11\/Bild2-768x512.jpg 768w, https:\/\/www.bbs-alfeld.eu\/wp-content\/uploads\/2025\/11\/Bild2-1536x1024.jpg 1536w, https:\/\/www.bbs-alfeld.eu\/wp-content\/uploads\/2025\/11\/Bild2-2048x1365.jpg 2048w\" sizes=\"auto, (max-width: 1024px) 100vw, 1024px\" \/><\/figure>\n\n\n\n<figure class=\"wp-block-image size-large\"><img loading=\"lazy\" decoding=\"async\" width=\"1024\" height=\"683\" src=\"https:\/\/www.bbs-alfeld.eu\/wp-content\/uploads\/2025\/11\/Bild1-1024x683.jpg\" alt=\"\" class=\"wp-image-3225\" srcset=\"https:\/\/www.bbs-alfeld.eu\/wp-content\/uploads\/2025\/11\/Bild1-1024x683.jpg 1024w, https:\/\/www.bbs-alfeld.eu\/wp-content\/uploads\/2025\/11\/Bild1-300x200.jpg 300w, https:\/\/www.bbs-alfeld.eu\/wp-content\/uploads\/2025\/11\/Bild1-768x512.jpg 768w, https:\/\/www.bbs-alfeld.eu\/wp-content\/uploads\/2025\/11\/Bild1-1536x1024.jpg 1536w, https:\/\/www.bbs-alfeld.eu\/wp-content\/uploads\/2025\/11\/Bild1-2048x1365.jpg 2048w\" sizes=\"auto, (max-width: 1024px) 100vw, 1024px\" \/><\/figure>\n","protected":false},"excerpt":{"rendered":"<p>Alfeld \u2013 Dass man sich auch singend dem Thema Reformation n\u00e4hern kann, bewies k\u00fcrzlich der Popkantor der Landeskirche, Til von Dombois, der mit seiner Band&hellip;<\/p>\n","protected":false},"author":3,"featured_media":3224,"comment_status":"closed","ping_status":"closed","sticky":false,"template":"","format":"standard","meta":{"ngg_post_thumbnail":0,"footnotes":""},"categories":[1],"tags":[],"class_list":["post-3223","post","type-post","status-publish","format-standard","has-post-thumbnail","hentry","category-uncategorized"],"_links":{"self":[{"href":"https:\/\/www.bbs-alfeld.eu\/index.php\/wp-json\/wp\/v2\/posts\/3223","targetHints":{"allow":["GET"]}}],"collection":[{"href":"https:\/\/www.bbs-alfeld.eu\/index.php\/wp-json\/wp\/v2\/posts"}],"about":[{"href":"https:\/\/www.bbs-alfeld.eu\/index.php\/wp-json\/wp\/v2\/types\/post"}],"author":[{"embeddable":true,"href":"https:\/\/www.bbs-alfeld.eu\/index.php\/wp-json\/wp\/v2\/users\/3"}],"replies":[{"embeddable":true,"href":"https:\/\/www.bbs-alfeld.eu\/index.php\/wp-json\/wp\/v2\/comments?post=3223"}],"version-history":[{"count":1,"href":"https:\/\/www.bbs-alfeld.eu\/index.php\/wp-json\/wp\/v2\/posts\/3223\/revisions"}],"predecessor-version":[{"id":3226,"href":"https:\/\/www.bbs-alfeld.eu\/index.php\/wp-json\/wp\/v2\/posts\/3223\/revisions\/3226"}],"wp:featuredmedia":[{"embeddable":true,"href":"https:\/\/www.bbs-alfeld.eu\/index.php\/wp-json\/wp\/v2\/media\/3224"}],"wp:attachment":[{"href":"https:\/\/www.bbs-alfeld.eu\/index.php\/wp-json\/wp\/v2\/media?parent=3223"}],"wp:term":[{"taxonomy":"category","embeddable":true,"href":"https:\/\/www.bbs-alfeld.eu\/index.php\/wp-json\/wp\/v2\/categories?post=3223"},{"taxonomy":"post_tag","embeddable":true,"href":"https:\/\/www.bbs-alfeld.eu\/index.php\/wp-json\/wp\/v2\/tags?post=3223"}],"curies":[{"name":"wp","href":"https:\/\/api.w.org\/{rel}","templated":true}]}}