{"id":804,"date":"2019-11-01T00:00:00","date_gmt":"2019-10-31T23:00:00","guid":{"rendered":"https:\/\/bbs-alfeld.de\/?p=804"},"modified":"2022-10-14T20:15:30","modified_gmt":"2022-10-14T18:15:30","slug":"reisetagebuch-frankreich-2019","status":"publish","type":"post","link":"https:\/\/www.bbs-alfeld.eu\/index.php\/2019\/11\/01\/reisetagebuch-frankreich-2019\/","title":{"rendered":"Reisetagebuch Frankreich 2019"},"content":{"rendered":"\n<blockquote class=\"wp-block-quote is-layout-flow wp-block-quote-is-layout-flow\"><p><strong>Die Anreise<\/strong>: Sonntag, 20.01.2019<br><em>von Justin Justus<\/em><\/p><\/blockquote>\n\n\n\n<p>Am Sonntag, den 20.01.2019 um 07:00 Uhr flogen wir mit der Air France von Hannover aus nach Paris. Wir trafen uns um 05:45 Uhr am Flughafen Hannover mit den Mitreisenden und unserem Lehrer <strong>Herrn Kreuzkam<\/strong> um unser Gep\u00e4ck abzugeben und einzuchecken.<\/p>\n\n\n\n<figure class=\"wp-block-image size-full\"><img loading=\"lazy\" decoding=\"async\" width=\"727\" height=\"506\" src=\"https:\/\/www.bbs-alfeld.eu\/wp-content\/uploads\/2022\/10\/Reisetagebuch_1.jpg\" alt=\"\" class=\"wp-image-2095\" srcset=\"https:\/\/www.bbs-alfeld.eu\/wp-content\/uploads\/2022\/10\/Reisetagebuch_1.jpg 727w, https:\/\/www.bbs-alfeld.eu\/wp-content\/uploads\/2022\/10\/Reisetagebuch_1-300x209.jpg 300w\" sizes=\"auto, (max-width: 727px) 100vw, 727px\" \/><\/figure>\n\n\n\n<p>Der Flug war angenehm und dauerte nur 1 \u00bd Stunden, jedoch wurde der Koffer einer Mitsch\u00fclerin nicht in Paris entladen, sondern vermutlich weiter nach Bombay (Indien!) geflogen. Doch davon lie\u00dfen wir uns nicht unsere Fahrt verderben und scherzten \u00fcber den verloren geglaubten Koffer. Nach den ersten \u00fcberstandenen Eskapaden fuhren wir mit einem Shuttle-Bus zu einem anderen Flughafengeb\u00e4ude, wo wir zun\u00e4chst einen Zwischenstop bei McDonalds einlegten, ehe es mit dem Hochgeschwindigkeitszug TGV, auch train \u00e0 grand vitesse genannt, nach Angoul\u00eame weiterging. Die 3-st\u00fcndige Fahrt war sehr lustig und wir hatten viel Spa\u00df. Um 14:10 Uhr angekommen, erwarteten unsere Gastfamilien uns schon bereits herzlich mit Umarmungen, was uns \u00fcberraschte, da wir uns in Deutschland mit einem freundlichen H\u00e4ndedruck begr\u00fc\u00dften. Wir unterhielten uns mit den Austauschsch\u00fclern und fuhren anschlie\u00dfend mit ihnen in unsere neuen \u201eFamilien\u201c in das jeweilige Dorf in der N\u00e4he von Angoul\u00eame.<br>Sp\u00e4tnachmittag und Abend wurden dann in den Gastfamilien ganz unterschiedlich mit kleinen Ausfl\u00fcgen, Spazierg\u00e4ngen, Gesellschaftsspielen, Tischtennis, Kl\u00f6nen und Essen verbracht.<\/p>\n\n\n\n<figure class=\"wp-block-image size-full\"><img loading=\"lazy\" decoding=\"async\" width=\"259\" height=\"194\" src=\"https:\/\/www.bbs-alfeld.eu\/wp-content\/uploads\/2022\/10\/Reisetagebuch_2.jpg\" alt=\"\" class=\"wp-image-2097\"\/><\/figure>\n\n\n\n<hr class=\"wp-block-separator has-css-opacity is-style-wide\"\/>\n\n\n\n<blockquote class=\"wp-block-quote is-layout-flow wp-block-quote-is-layout-flow\"><p><strong>Angoul\u00eame:<\/strong> Montag, 21.01.2019<br><em>von Johanna Maifeld<\/em><\/p><\/blockquote>\n\n\n\n<figure class=\"wp-block-image size-full\"><img loading=\"lazy\" decoding=\"async\" width=\"651\" height=\"434\" src=\"https:\/\/www.bbs-alfeld.eu\/wp-content\/uploads\/2022\/10\/Reisetagebuch_3.jpg\" alt=\"\" class=\"wp-image-2098\" srcset=\"https:\/\/www.bbs-alfeld.eu\/wp-content\/uploads\/2022\/10\/Reisetagebuch_3.jpg 651w, https:\/\/www.bbs-alfeld.eu\/wp-content\/uploads\/2022\/10\/Reisetagebuch_3-300x200.jpg 300w\" sizes=\"auto, (max-width: 651px) 100vw, 651px\" \/><\/figure>\n\n\n\n<p>Wir haben uns um 9 Uhr in der Schule getroffen. Manche von uns sind mit ihren Austauschpartnern bereits um 8 Uhr in die Schule angekommen. Als alle da waren, gab es ein kleines, leckeres Fr\u00fchst\u00fcck in der Schulmensa, typisch franz\u00f6sisch mit Croissants, \u201ePain au chocolat\u201c, Orangensaft und Kaffee. Um die franz\u00f6sischen Austauschpartner ein bisschen besser kennenzulernen, haben wir \u201eSpeed-dating\u201c gespielt. Jeder Deutsche hat sich 90 Sekunden mit je einem franz\u00f6sischen Austauschpartner unterhalten und dann wurde gewechselt.<\/p>\n\n\n\n<figure class=\"wp-block-image size-large\"><img loading=\"lazy\" decoding=\"async\" width=\"1024\" height=\"597\" src=\"https:\/\/www.bbs-alfeld.eu\/wp-content\/uploads\/2022\/10\/Reisetagebuch_4-1024x597.jpg\" alt=\"\" class=\"wp-image-2099\" srcset=\"https:\/\/www.bbs-alfeld.eu\/wp-content\/uploads\/2022\/10\/Reisetagebuch_4-1024x597.jpg 1024w, https:\/\/www.bbs-alfeld.eu\/wp-content\/uploads\/2022\/10\/Reisetagebuch_4-300x175.jpg 300w, https:\/\/www.bbs-alfeld.eu\/wp-content\/uploads\/2022\/10\/Reisetagebuch_4-768x448.jpg 768w, https:\/\/www.bbs-alfeld.eu\/wp-content\/uploads\/2022\/10\/Reisetagebuch_4.jpg 1426w\" sizes=\"auto, (max-width: 1024px) 100vw, 1024px\" \/><\/figure>\n\n\n\n<p>Die Austauschsch\u00fcler mussten wieder in den Unterricht und wir haben von einem franz\u00f6sischen Lehrer einen Vortrag \u00fcber die Gebietsreform und regionale Wirtschaftsstrukturen bekommen. Dann sind wir zu einem Mittagessen in der Mensa der Schule eingeladen worden und sind anschlie\u00dfend in den Deutschunterricht einer 12. Klasse gegangen. Die Sch\u00fcler hatten extra f\u00fcr uns ein paar lustige Spiele vorbereit, bei denen wir franz\u00f6sisch gesprochen haben und die Franzosen deutsch. Wir haben zum Beispiel \u201eMathegenie\u201c gespielt: es wurde eine Matheaufgabe, in der jeweils anderen Sprache gestellt, und diese galt es zu l\u00f6sen. Zum Schluss gab es noch Cr\u00eapes und Kuchen. Danach haben wir eine kleine F\u00fchrung durch Angoul\u00eame von Herrn Kreuzkam und einem franz\u00f6sischen Lehrer bekommen. Wir haben die Kathedrale St. Pierre, die direkt bei der Schule ist, gesehen, sch\u00f6ne kleine Gassen mit L\u00e4den bis hin zu einem Denkmal f\u00fcr Juden. Das am kommenden Wochenende anstehende Comic-Festival warf in Form zahlreicher Werbeplakate bereits seine Schatten voraus. Au\u00dferdem fiel auf, dass alle Stra\u00dfennamen das ganze Jahr \u00fcber als Comic-Sprechblase dargestellt sind und viele H\u00e4user von \u00fcberdimensionalen Comicseiten geziert sind.<\/p>\n\n\n\n<div class=\"wp-block-columns is-layout-flex wp-container-core-columns-is-layout-9d6595d7 wp-block-columns-is-layout-flex\">\n<div class=\"wp-block-column is-layout-flow wp-block-column-is-layout-flow\">\n<figure class=\"wp-block-image size-large\"><img loading=\"lazy\" decoding=\"async\" width=\"1024\" height=\"768\" src=\"https:\/\/www.bbs-alfeld.eu\/wp-content\/uploads\/2022\/10\/Reisetagebuch_11-1024x768.jpg\" alt=\"\" class=\"wp-image-2105\" srcset=\"https:\/\/www.bbs-alfeld.eu\/wp-content\/uploads\/2022\/10\/Reisetagebuch_11-1024x768.jpg 1024w, https:\/\/www.bbs-alfeld.eu\/wp-content\/uploads\/2022\/10\/Reisetagebuch_11-300x225.jpg 300w, https:\/\/www.bbs-alfeld.eu\/wp-content\/uploads\/2022\/10\/Reisetagebuch_11-768x576.jpg 768w, https:\/\/www.bbs-alfeld.eu\/wp-content\/uploads\/2022\/10\/Reisetagebuch_11.jpg 1047w\" sizes=\"auto, (max-width: 1024px) 100vw, 1024px\" \/><\/figure>\n<\/div>\n\n\n\n<div class=\"wp-block-column is-layout-flow wp-block-column-is-layout-flow\">\n<figure class=\"wp-block-image size-full\"><img loading=\"lazy\" decoding=\"async\" width=\"800\" height=\"499\" src=\"https:\/\/www.bbs-alfeld.eu\/wp-content\/uploads\/2022\/10\/Reisetagebuch_6.jpg\" alt=\"\" class=\"wp-image-2101\" srcset=\"https:\/\/www.bbs-alfeld.eu\/wp-content\/uploads\/2022\/10\/Reisetagebuch_6.jpg 800w, https:\/\/www.bbs-alfeld.eu\/wp-content\/uploads\/2022\/10\/Reisetagebuch_6-300x187.jpg 300w, https:\/\/www.bbs-alfeld.eu\/wp-content\/uploads\/2022\/10\/Reisetagebuch_6-768x479.jpg 768w\" sizes=\"auto, (max-width: 800px) 100vw, 800px\" \/><\/figure>\n<\/div>\n<\/div>\n\n\n\n<p>Au\u00dferdem haben wir uns die ber\u00fchmten \u201eMarguerites\u201c (benannt nach Marguerite de Navarre, 1492- 1549, Schwester des franz\u00f6sischen K\u00f6nigs Francois I) in der \u00fcberregional bekannten Schokoloadenconfiserie Letuffe in Angoul\u00eame gekauft.<br>Nach einem kurzen, Air-France gesponserten Klamotten-Shopping bei H&amp;M f\u00fcr die kofferlose Sch\u00fclerin waren wir um 17 Uhr dann wieder an der Schule und sind mit unseren Austauschsch\u00fclern nach Hause gefahren und haben den restlichen Abend in den Familien verbracht.<\/p>\n\n\n\n<hr class=\"wp-block-separator has-css-opacity is-style-wide\"\/>\n\n\n\n<blockquote class=\"wp-block-quote is-layout-flow wp-block-quote-is-layout-flow\"><p><strong>Bordeaux:<\/strong> Dienstag, 22.01.2019<br><em>von Josefine V\u00f6lkel<\/em><\/p><\/blockquote>\n\n\n\n<p>Morgens um 8.15 Uhr traf sich unsere Gruppe vor der Kathedrale von Angoul\u00eame, denn dort wurden wir abgeholt, um einen Tagesausflug nach Bordeaux zu starten. Alle erhielten ein leckeres Lunchpaket f\u00fcr den Tag (bei der Verpflegung kennen die Franzosen nix!). Mit dem voll beladenden Minibus ging es Richtung Bordeaux.<br>Nach 2 Stunden Autofahrt waren wir da und die Parkplatzsuche ging los. Nach ca. einer halben Stunde war auch dieser Teil gl\u00fccklich erledigt.<\/p>\n\n\n\n<figure class=\"wp-block-image size-full is-resized\"><img loading=\"lazy\" decoding=\"async\" src=\"https:\/\/www.bbs-alfeld.eu\/wp-content\/uploads\/2019\/11\/Reisetagebuch_7.jpg\" alt=\"\" class=\"wp-image-2102\" width=\"464\" height=\"309\"\/><\/figure>\n\n\n\n<p>Leider erwartete uns das typische \u201etemps bordelaise\u201c und so besichtigten wir die Stadt im str\u00f6menden Regen, w\u00e4hrend wir einer F\u00fchrung einer franz\u00f6sischen Lehrerin folgten. Wir erfuhren einiges \u00fcber die Geschichte der Stadt. Der Einfluss der englischen Krone, mit der Heirat von Ali\u00e9nors d&#8217;Aquitaine und K\u00f6nig Henri Planagen\u00eat, pr\u00e4gte besonders den Handel von Wein zwischen Britannien und Bordeaux, der bis zu 100 Jahre anhielt. Ab dem 18. Jahrhundert boomte der \u00dcbersee- und Sklavenhandel und Bordeaux wurde zu der wichtigsten Hafenstadt Frankreichs. Ab dem Jahr 19. Jahrhundert wurde jedoch ein Ausfuhrverbot und eine Kontinentalsperre verh\u00e4ngt, was den Handel hart traf. Die Stadt hat sich davon nie richtig erholen k\u00f6nnen. Am Ende der F\u00fchrung ging (im \u00fcbertragenen Sinn und tats\u00e4chlich) die Sonne auf, denn sie endete vor einem Spezialit\u00e4tenladen f\u00fcr \u201eCanel\u00e9s\u201c. Jeder Sch\u00fcler bekam ein K\u00fcchlein: au\u00dfen knusprig und innen weich &#8211; Canel\u00e9s sind DIE Spezialit\u00e4t von Bordeaux!\u00a0 Nachdem alle ges\u00e4ttigt waren, besuchten wir die Cit\u00e9 du vin, das Weinbaumuseum, welches besonders durch seine au\u00dfergew\u00f6hnliche Bauweise ins Auge f\u00e4llt. Mit einem Audioguide wurden wir durch das Museum gef\u00fchrt. Veranschaulicht wurde die F\u00fchrung mit vielen Videomaterialien und Selbstexperimenten. Besonders faszinierend war, in wie vielen Regionen \u00fcberall auf der Welt Weinbau betrieben wird und was f\u00fcr eine Geschichte er als Hintergrund hat.<\/p>\n\n\n\n<div class=\"wp-block-columns is-layout-flex wp-container-core-columns-is-layout-9d6595d7 wp-block-columns-is-layout-flex\">\n<div class=\"wp-block-column is-layout-flow wp-block-column-is-layout-flow\">\n<figure class=\"wp-block-image size-full\"><img loading=\"lazy\" decoding=\"async\" width=\"940\" height=\"628\" src=\"https:\/\/www.bbs-alfeld.eu\/wp-content\/uploads\/2022\/10\/Reisetagebuch_8.jpg\" alt=\"\" class=\"wp-image-2103\" srcset=\"https:\/\/www.bbs-alfeld.eu\/wp-content\/uploads\/2022\/10\/Reisetagebuch_8.jpg 940w, https:\/\/www.bbs-alfeld.eu\/wp-content\/uploads\/2022\/10\/Reisetagebuch_8-300x200.jpg 300w, https:\/\/www.bbs-alfeld.eu\/wp-content\/uploads\/2022\/10\/Reisetagebuch_8-768x513.jpg 768w\" sizes=\"auto, (max-width: 940px) 100vw, 940px\" \/><\/figure>\n<\/div>\n\n\n\n<div class=\"wp-block-column is-layout-flow wp-block-column-is-layout-flow\">\n<figure class=\"wp-block-image size-full\"><img loading=\"lazy\" decoding=\"async\" width=\"535\" height=\"401\" src=\"https:\/\/www.bbs-alfeld.eu\/wp-content\/uploads\/2022\/10\/Reisetagebuch_10.jpg\" alt=\"\" class=\"wp-image-2104\" srcset=\"https:\/\/www.bbs-alfeld.eu\/wp-content\/uploads\/2022\/10\/Reisetagebuch_10.jpg 535w, https:\/\/www.bbs-alfeld.eu\/wp-content\/uploads\/2022\/10\/Reisetagebuch_10-300x225.jpg 300w\" sizes=\"auto, (max-width: 535px) 100vw, 535px\" \/><\/figure>\n<\/div>\n<\/div>\n\n\n\n<p>Zum Schluss ging es mit dem Fahrstuhl nach oben auf die Plattform. Vollj\u00e4hrige durften oben eine der vielen dort aufgef\u00fchrten Weine testen, die Minderj\u00e4hrigen erhielten Traubensaft. Nachdem wir fertig waren, ging es mit dem Minibus zur\u00fcck nach Angoul\u00eame und zur\u00fcck in die Gastfamilien. Obwohl es \u00fcberwiegend geregnet hat, haben wir an diesem sch\u00f6nen Tag viele neue Sachen gesehen.<\/p>\n\n\n\n<hr class=\"wp-block-separator has-css-opacity is-style-wide\"\/>\n\n\n\n<blockquote class=\"wp-block-quote is-layout-flow wp-block-quote-is-layout-flow\"><p><strong>Cognac:<\/strong> Mittwoch, 23.01.2019<br><em>von Christian Uhlendorf<\/em><\/p><\/blockquote>\n\n\n\n<p>Koffer wieder da!<br>Stadtf\u00fchrung Teil 2: Wir haben uns morgens bei Les Halles getroffen und sind dann an einigen Sehensw\u00fcrdigkeiten und besonderen Pl\u00e4tzen in Angouleme vorbeigegangen. Dabei kamen wir auch an dem besten Macaronsladen von Angoul\u00eame vorbei wo wir eine kleine Pause einlegten. Danach sind wir zum Comicmuseum gegangen und haben uns dort verschiedene Comics angeschaut.<\/p>\n\n\n\n<p>Anschlie\u00dfend sind wir vom Comicmuseum mit unserem Kleinbus abgefahren. Nach einer guten halben Stunde haben wir einen Zwischenstopp bei dem Familienbetrieb R\u00e9my Couillebaud gemacht, der noch traditionell Cognac und v.a. die regionale Spezialit\u00e4t Pineau herstellt. Dort haben wir einen kleinen Vortrag erhalten wie Cognac bzw. Pineau, eine Mischung aus Traubensaft und Cognac, hergestellt werden und was daf\u00fcr n\u00f6tig ist.<\/p>\n\n\n\n<div class=\"wp-block-columns is-layout-flex wp-container-core-columns-is-layout-9d6595d7 wp-block-columns-is-layout-flex\">\n<div class=\"wp-block-column is-layout-flow wp-block-column-is-layout-flow\">\n<figure class=\"wp-block-image size-large\"><img loading=\"lazy\" decoding=\"async\" width=\"1024\" height=\"768\" src=\"https:\/\/www.bbs-alfeld.eu\/wp-content\/uploads\/2022\/10\/Reisetagebuch_11-1024x768.jpg\" alt=\"\" class=\"wp-image-2105\" srcset=\"https:\/\/www.bbs-alfeld.eu\/wp-content\/uploads\/2022\/10\/Reisetagebuch_11-1024x768.jpg 1024w, https:\/\/www.bbs-alfeld.eu\/wp-content\/uploads\/2022\/10\/Reisetagebuch_11-300x225.jpg 300w, https:\/\/www.bbs-alfeld.eu\/wp-content\/uploads\/2022\/10\/Reisetagebuch_11-768x576.jpg 768w, https:\/\/www.bbs-alfeld.eu\/wp-content\/uploads\/2022\/10\/Reisetagebuch_11.jpg 1047w\" sizes=\"auto, (max-width: 1024px) 100vw, 1024px\" \/><\/figure>\n<\/div>\n\n\n\n<div class=\"wp-block-column is-layout-flow wp-block-column-is-layout-flow\">\n<figure class=\"wp-block-image size-full\"><img loading=\"lazy\" decoding=\"async\" width=\"807\" height=\"606\" src=\"https:\/\/www.bbs-alfeld.eu\/wp-content\/uploads\/2022\/10\/Reisetagebuch_12.jpg\" alt=\"\" class=\"wp-image-2106\" srcset=\"https:\/\/www.bbs-alfeld.eu\/wp-content\/uploads\/2022\/10\/Reisetagebuch_12.jpg 807w, https:\/\/www.bbs-alfeld.eu\/wp-content\/uploads\/2022\/10\/Reisetagebuch_12-300x225.jpg 300w, https:\/\/www.bbs-alfeld.eu\/wp-content\/uploads\/2022\/10\/Reisetagebuch_12-768x577.jpg 768w\" sizes=\"auto, (max-width: 807px) 100vw, 807px\" \/><\/figure>\n<\/div>\n<\/div>\n\n\n\n<p>Danach erhielten wir noch eine kurze F\u00fchrung \u00fcber den kleinen museums\u00e4hnlichen Hof und sahen uns die Lagerweise des Cognacs an. Am Ende des Besuches hatten wir Gelegenheit, verschiedene Pineau und Cognacs zu kosten und zu kaufen.<\/p>\n\n\n\n<p>Nachdem wir uns verabschiedet hatten fuhren wir weiter nach Cognac, wo wir eine sehr professionelle, multimedial unterst\u00fctzte F\u00fchrung beim Weltmarktf\u00fchrer Hennessy hatten.<\/p>\n\n\n\n<p>Die F\u00fchrungen waren sehr interessant und man konnte sich dadurch sehen wie Cognac hergestellt und gelagert wird. Daf\u00fcr wurden wir durch verschiedene Hallen gef\u00fchrt. Als erstes wurde uns erkl\u00e4rt wie Cognac \u00fcberhaupt entstanden war und was es f\u00fcr Sorten gibt. N\u00e4chstens wurde uns gezeigt wie Cognac hergestellt wird. Man erkannte gleich, dass die Herstellung von Cognac viel Zeit in Anspruch nimmt und es nicht leicht ist, immer wieder denselben Geschmack mit Br\u00e4nden verschiedener Jahrg\u00e4nge hinzubekommen. Am Ende der F\u00fchrung wurde uns die Lagerung erkl\u00e4rt und dass daf\u00fcr extra angefertigte Holzf\u00e4sser n\u00f6tig sind. Zum Anschluss hatten wir Gelegenheit, drei verschiedene Sorten Cognac zu kosten \u2013 wenn wir denn vollj\u00e4hrig waren. F\u00fcr die Minderj\u00e4hrigen gab es Traubensaft.<\/p>\n\n\n\n<div class=\"wp-block-columns is-layout-flex wp-container-core-columns-is-layout-9d6595d7 wp-block-columns-is-layout-flex\">\n<div class=\"wp-block-column is-layout-flow wp-block-column-is-layout-flow\">\n<figure class=\"wp-block-image size-full\"><img loading=\"lazy\" decoding=\"async\" width=\"591\" height=\"550\" src=\"https:\/\/www.bbs-alfeld.eu\/wp-content\/uploads\/2022\/10\/Reisetagebuch_13.jpg\" alt=\"\" class=\"wp-image-2107\" srcset=\"https:\/\/www.bbs-alfeld.eu\/wp-content\/uploads\/2022\/10\/Reisetagebuch_13.jpg 591w, https:\/\/www.bbs-alfeld.eu\/wp-content\/uploads\/2022\/10\/Reisetagebuch_13-300x279.jpg 300w\" sizes=\"auto, (max-width: 591px) 100vw, 591px\" \/><\/figure>\n<\/div>\n\n\n\n<div class=\"wp-block-column is-layout-flow wp-block-column-is-layout-flow\">\n<figure class=\"wp-block-image size-full\"><img loading=\"lazy\" decoding=\"async\" width=\"699\" height=\"525\" src=\"https:\/\/www.bbs-alfeld.eu\/wp-content\/uploads\/2022\/10\/Reisetagebuch_14.jpg\" alt=\"\" class=\"wp-image-2108\" srcset=\"https:\/\/www.bbs-alfeld.eu\/wp-content\/uploads\/2022\/10\/Reisetagebuch_14.jpg 699w, https:\/\/www.bbs-alfeld.eu\/wp-content\/uploads\/2022\/10\/Reisetagebuch_14-300x225.jpg 300w\" sizes=\"auto, (max-width: 699px) 100vw, 699px\" \/><\/figure>\n<\/div>\n<\/div>\n\n\n\n<p>Danach sind wir wieder mit dem Kleinbus zur\u00fcck nach Angoul\u00eame gefahren.<br>Als wir wieder in Angoul\u00eame angekommen waren luden uns unsere Austauschsch\u00fcler in ein Irish Pub ein wo wir sehr viel Spa\u00df hatten. Leider mussten wir nach 3 Stunden wieder zur\u00fcck in unsere Gastfamilien (aufgrund der schlechten Busverbindungen und weil am n\u00e4chsten Tag f\u00fcr die Franzosen Schule und f\u00fcr uns die Abreise anstand).<br>Alles in einem konnte man sich \u00fcber den Tag ziemlich viel neues Wissen aneignen und man konnte klar den Unterschied zwischen einem Familienunternehmen und einem Weltmarktf\u00fchrer wie Hennessy erkennen.<\/p>\n\n\n\n<hr class=\"wp-block-separator has-css-opacity is-style-wide\"\/>\n\n\n\n<blockquote class=\"wp-block-quote is-layout-flow wp-block-quote-is-layout-flow\"><p><strong>Paris:<\/strong> Donnerstag, 24.01.2019<br><em>von Angelique Linke<\/em><\/p><\/blockquote>\n\n\n\n<p>Am Donnerstag wurden wir morgens von unseren Gastfamilien zum Bahnhof gebracht beziehungsweise wir wurden bei der Kathedrale abgesetzt, wo uns Herr Kreuzkam eingesammelt hat und uns zum Bahnhof gebracht hat. Am Bahnhof angekommen bekamen wir Lunchpakete f\u00fcr die Fahrt nach Paris. Im TGV haben die meisten geschlafen, da wir alle ziemlich kaputt und m\u00fcde waren.<br>Als wir nach nur zweieinhalb Stundenam Gare de Montparnasse in Paris angekommen warens sind wir mit der Metro zu unserem in der N\u00e4he des Gare de l\u2019Est gelegenen Hotel de l\u2018Europe gefahren. Nach kleineren Kreditkartenproblemen beim Einchecken konnten wir uns erst mal eine Stunde ausruhen und frisch machen, bevor es weiter zu den Sehensw\u00fcrdigkeiten der Hauptstadt ging.<\/p>\n\n\n\n<div class=\"wp-block-columns is-layout-flex wp-container-core-columns-is-layout-9d6595d7 wp-block-columns-is-layout-flex\">\n<div class=\"wp-block-column is-layout-flow wp-block-column-is-layout-flow\">\n<figure class=\"wp-block-image size-full\"><img loading=\"lazy\" decoding=\"async\" width=\"427\" height=\"724\" src=\"https:\/\/www.bbs-alfeld.eu\/wp-content\/uploads\/2022\/10\/Reisetagebuch_15.jpg\" alt=\"\" class=\"wp-image-2109\" srcset=\"https:\/\/www.bbs-alfeld.eu\/wp-content\/uploads\/2022\/10\/Reisetagebuch_15.jpg 427w, https:\/\/www.bbs-alfeld.eu\/wp-content\/uploads\/2022\/10\/Reisetagebuch_15-177x300.jpg 177w\" sizes=\"auto, (max-width: 427px) 100vw, 427px\" \/><\/figure>\n<\/div>\n\n\n\n<div class=\"wp-block-column is-layout-flow wp-block-column-is-layout-flow\">\n<figure class=\"wp-block-image size-full\"><img loading=\"lazy\" decoding=\"async\" width=\"641\" height=\"854\" src=\"https:\/\/www.bbs-alfeld.eu\/wp-content\/uploads\/2019\/11\/Reisetagebuch_16.jpg\" alt=\"\" class=\"wp-image-2110\" srcset=\"https:\/\/www.bbs-alfeld.eu\/wp-content\/uploads\/2019\/11\/Reisetagebuch_16.jpg 641w, https:\/\/www.bbs-alfeld.eu\/wp-content\/uploads\/2019\/11\/Reisetagebuch_16-225x300.jpg 225w\" sizes=\"auto, (max-width: 641px) 100vw, 641px\" \/><\/figure>\n<\/div>\n<\/div>\n\n\n\n<p><em>Vom Jardin de Trocad\u00e9ro hatte man einen sch\u00f6nen Blick auf den Eiffelturm<\/em><\/p>\n\n\n\n<p>Da die Lage unseres des Hotels strategisch gut gew\u00e4hlt war, konnten wir dann auch direkt mit der Metro los ohne weit laufen zu m\u00fcssen. Zuerst sind wir zum Eifelturm gefahren. Einige von uns w\u00e4ren gerne hochgefahren, allerdings war die Schlange sehr lang und es war zu kalt um dort zwei Stunden lang zu warten. Wir hatten im Voraus festgelegt, dass wir zu verschiedenen Sehensw\u00fcrdigkeiten in Paris kurze Vortr\u00e4ge halten und somit haben wir den ersten Vortrag schon beim Eifelturm geh\u00f6rt. Nachdem wir beim Eifelturm waren, sind wir ein wenig an der Seine an der Seine haben wir dann eine Bootsfahrt auf der Seine in einem der ber\u00fchmten Bateaux Mouche gemacht. Diese dauerte circa eine Stunde und wir haben viele Sehensw\u00fcrdigkeiten von der Seine aus betrachten k\u00f6nnen.<\/p>\n\n\n\n<p>Als n\u00e4chstes sind wir dann mit der M\u00e9tro zu Sacr\u00e9-Coeur gefahren. Da es schon dunkel war als wir ankamen, war die Kirche schon beleuchtet und sah beeindruckend aus. In der Kirche lief zu dem Zeitpunkt ein Gottesdienst und es war interessant zu sehen, wie der in Frankreich abl\u00e4uft. Unter anderem haben Nonnen Lieder gesungen, welche sich sehr sch\u00f6n angeh\u00f6rt haben. Von Sacr\u00e9-Coeur aus hatte man eine wundersch\u00f6ne Aussicht auf das n\u00e4chtliche Paris und zur vollen Stunde auch auf den beleuchteten und von Lichtern glitzernden Eifelturm. Hinter der Sacr\u00e9-Coeur befindet sich das K\u00fcnstlerviertel mit dem Place du Tertre.<\/p>\n\n\n\n<div class=\"wp-block-columns is-layout-flex wp-container-core-columns-is-layout-9d6595d7 wp-block-columns-is-layout-flex\">\n<div class=\"wp-block-column is-layout-flow wp-block-column-is-layout-flow\">\n<figure class=\"wp-block-image size-full\"><img loading=\"lazy\" decoding=\"async\" width=\"585\" height=\"883\" src=\"https:\/\/www.bbs-alfeld.eu\/wp-content\/uploads\/2022\/10\/Reisetagebuch_17.jpg\" alt=\"\" class=\"wp-image-2111\" srcset=\"https:\/\/www.bbs-alfeld.eu\/wp-content\/uploads\/2022\/10\/Reisetagebuch_17.jpg 585w, https:\/\/www.bbs-alfeld.eu\/wp-content\/uploads\/2022\/10\/Reisetagebuch_17-199x300.jpg 199w\" sizes=\"auto, (max-width: 585px) 100vw, 585px\" \/><\/figure>\n<\/div>\n\n\n\n<div class=\"wp-block-column is-layout-flow wp-block-column-is-layout-flow\">\n<figure class=\"wp-block-image size-full\"><img loading=\"lazy\" decoding=\"async\" width=\"500\" height=\"762\" src=\"https:\/\/www.bbs-alfeld.eu\/wp-content\/uploads\/2022\/10\/Reisetagebuch_18.jpg\" alt=\"\" class=\"wp-image-2112\" srcset=\"https:\/\/www.bbs-alfeld.eu\/wp-content\/uploads\/2022\/10\/Reisetagebuch_18.jpg 500w, https:\/\/www.bbs-alfeld.eu\/wp-content\/uploads\/2022\/10\/Reisetagebuch_18-197x300.jpg 197w\" sizes=\"auto, (max-width: 500px) 100vw, 500px\" \/><\/figure>\n<\/div>\n<\/div>\n\n\n\n<p>Im Sommer stehen dort immer sehr viele K\u00fcnstler, von denen man sich zeichnen lassen kann. Da es, wie bereits gesagt, sehr kalt war, waren leider nur sehr wenige da. Trotzdem war die Atmosph\u00e4re sehr sch\u00f6n. Zum Abschluss des Tages sind wir in das Caf\u00e9 \u201edeux moulins\u201c gegangen. Dies ist bekannt aus dem Film \u201eDie fabelhafte Welt der Amelie\u201c. Dort war es sehr voll und Getr\u00e4nke waren sehr teuer und nicht so, wie man sie aus Deutschland kennt. Trotzdem war es sch\u00f6n.<br>Als wir ausgetrunken hatten, haben wir uns getrennt. Ein paar von uns sind schon ersch\u00f6pft zur\u00fcck ins Hotel gefahren, die anderen sind mit Herrn Kreuzkam noch in ein typisch franz\u00f6sisches Restaurant, in eine superleckere Eisdiele und zu einer Karaoke-Bar neben dem ber\u00fchmten Moulin-Rouge gegangen, wo uns allerdings der Mut verlie\u00df\u2026<br>Der Tag war zwar sehr sch\u00f6n, allerdings waren wir alle ganz sch\u00f6n durchgefroren als wir wieder im Hotel ankamen.<\/p>\n\n\n\n<hr class=\"wp-block-separator has-css-opacity is-style-wide\"\/>\n\n\n\n<blockquote class=\"wp-block-quote is-layout-flow wp-block-quote-is-layout-flow\"><p><strong>Paris:<\/strong> Freitag, 25.01.19<br><em>von Josefin Oppermann<\/em><\/p><\/blockquote>\n\n\n\n<p>Unsere erste und einzige Nacht in Paris im Hotel l\u2018Europe war sehr kurz. Daher startete unser Tag mit einem kleinen Fr\u00fchst\u00fcck um 8:30 Uhr und wir waren alle noch sehr m\u00fcde. Anschlie\u00dfend mussten wir unsere Koffer f\u00fcr die Heimreise packen, konnten diese aber zum Gl\u00fcck kostenlos im Hotel deponieren, sodass wir unseren zweiten Tag in Paris unbeschwert genie\u00dfen konnten. Gegen 10 Uhr sind wir mit der U-Bahn zum Centre Pompidou gefahren und von dort aus zu Fu\u00df weiter zur Pr\u00e9fecture de Paris und dann weiter zur Ile de la Cit\u00e9 mit der weltber\u00fchmten Notre Dame de Paris. Diese phantastische Kirche ist von au\u00dfen und innen \u00fcberaus beeindruckend, aber leider war kaum Zeit um alles wirklich wahr zu nehmen.<br><\/p>\n\n\n\n<figure class=\"wp-block-image size-full\"><img loading=\"lazy\" decoding=\"async\" width=\"524\" height=\"699\" src=\"https:\/\/www.bbs-alfeld.eu\/wp-content\/uploads\/2019\/11\/Reisetagebuch_19.jpg\" alt=\"\" class=\"wp-image-2113\" srcset=\"https:\/\/www.bbs-alfeld.eu\/wp-content\/uploads\/2019\/11\/Reisetagebuch_19.jpg 524w, https:\/\/www.bbs-alfeld.eu\/wp-content\/uploads\/2019\/11\/Reisetagebuch_19-225x300.jpg 225w\" sizes=\"auto, (max-width: 524px) 100vw, 524px\" \/><\/figure>\n\n\n\n<p>Weiter ging es in das Quartier Latin, das Studentenviertel, das anfangs sehr touristisch gepr\u00e4gt ist. Dort besuchten wir anderthalb Stunden lang ein kleines Restaurant. Das typsich franz\u00f6sische Essen war zwar nicht schlecht und recht preiswert, aufgrund der winteruntauglichen Eingangst\u00fcr konnten wir es vor K\u00e4lte bibbernd aber kaum genie\u00dfen\u2026 Anschlie\u00dfend gingen wir zum Place de la Concorde wo wir auf der historischen \u201e Achse der Macht\u201c vom Obelisk von Luxor aus direkt auf den Arc de Triomphe und La Grand Arche schauen konnten. Ab 14.30 Uhr hatten wir dann die M\u00f6glichkeit uns die Stadt selber anzusehen und shoppen zu gehen. Einige flanierten \u00fcber die weltber\u00fchmten Champs-Elys\u00e9es, andere liefen am Louvre vorbei zu den Gal\u00e9ries Lafayette, dem wohl bekanntesten Kaufhaus von Paris.<br>Um 16.15 Uhr mussten wir uns wieder im Hotel einfinden, da die Heimreise vor uns stand. Anschlie\u00dfend um 16.30 Uhr ging 500 m weit zu Fu\u00df zum Bahnhof Gare du Nord , von dort fuhren wir mit der RER (einer Art S-Bahn) zum Flughafen. Diesen erreichten wir um 17.30 Uhr. Vor dem Einchecken hie\u00df es nun erst einmal die f\u00fcr die Eltern eingekauften Gastgeschenke (v.a. Rotwein, Pineau, Cognac, Schokolade und Geb\u00e4ck) so umzupacken, dass maximal zehnmal 100ml Fl\u00fcssigkeit im Handgep\u00e4ck und der Rest in unserem gemeinsamen Extragep\u00e4ckst\u00fcck, das h\u00f6chstens 23kg wiegen durfte, landeten. Als wir auch diese Schwierigkeit gemeistert und die sicherheitskontrollen passeirt hatten, sollte unser Flug planm\u00e4\u00dfig um 20.30 Uhr starten, aber auf Grund von schlechten Wetterbedingungen in Deutschland wurde dieser immer wieder um insgesamt anderthalb Stunden verschoben. Nachdem wir endlich gestartet waren, genossen wir den Flug zur\u00fcck. Gegen 0.00 Uhr erreichten wir dann endlich den Flughafen in Hannover, wo unsere Eltern schon sehns\u00fcchtig warteten. Nach dem wir unser Gep\u00e4ck wieder auseinandersortiert und von <strong>Herrn Kreuzkam<\/strong> verabschiedet hatten, konnten wir alle unsere Reise nach Hause fortsetzen und ca. gegen 1.30 Uhr in unsere Betten fallen.<br>Es war eine sehr sch\u00f6ne Studienfahrt und wir konnten alle tolle Erfahrungen mit nach Hause nehmen. Zum Teil sind sogar Freundschaften entstanden und wir freuen uns alle schon auf den f\u00fcr November 2019 geplanten Gegenbesuch der Franzosen.<\/p>\n\n\n\n<p>Unser besonderer Dank gilt dem Deutsch-Franz\u00f6sische Jugendwerk f\u00fcr die finanzielle Unterst\u00fctzung unserer Frankreichfahrt.<\/p>\n\n\nngg_shortcode_0_placeholder\n","protected":false},"excerpt":{"rendered":"<p>Die Anreise: Sonntag, 20.01.2019von Justin Justus Am Sonntag, den 20.01.2019 um 07:00 Uhr flogen wir mit der Air France von Hannover aus nach Paris. Wir&hellip;<\/p>\n","protected":false},"author":1,"featured_media":0,"comment_status":"closed","ping_status":"closed","sticky":false,"template":"","format":"standard","meta":{"ngg_post_thumbnail":0,"footnotes":""},"categories":[17],"tags":[],"class_list":["post-804","post","type-post","status-publish","format-standard","hentry","category-studienfahrten"],"_links":{"self":[{"href":"https:\/\/www.bbs-alfeld.eu\/index.php\/wp-json\/wp\/v2\/posts\/804","targetHints":{"allow":["GET"]}}],"collection":[{"href":"https:\/\/www.bbs-alfeld.eu\/index.php\/wp-json\/wp\/v2\/posts"}],"about":[{"href":"https:\/\/www.bbs-alfeld.eu\/index.php\/wp-json\/wp\/v2\/types\/post"}],"author":[{"embeddable":true,"href":"https:\/\/www.bbs-alfeld.eu\/index.php\/wp-json\/wp\/v2\/users\/1"}],"replies":[{"embeddable":true,"href":"https:\/\/www.bbs-alfeld.eu\/index.php\/wp-json\/wp\/v2\/comments?post=804"}],"version-history":[{"count":9,"href":"https:\/\/www.bbs-alfeld.eu\/index.php\/wp-json\/wp\/v2\/posts\/804\/revisions"}],"predecessor-version":[{"id":2128,"href":"https:\/\/www.bbs-alfeld.eu\/index.php\/wp-json\/wp\/v2\/posts\/804\/revisions\/2128"}],"wp:attachment":[{"href":"https:\/\/www.bbs-alfeld.eu\/index.php\/wp-json\/wp\/v2\/media?parent=804"}],"wp:term":[{"taxonomy":"category","embeddable":true,"href":"https:\/\/www.bbs-alfeld.eu\/index.php\/wp-json\/wp\/v2\/categories?post=804"},{"taxonomy":"post_tag","embeddable":true,"href":"https:\/\/www.bbs-alfeld.eu\/index.php\/wp-json\/wp\/v2\/tags?post=804"}],"curies":[{"name":"wp","href":"https:\/\/api.w.org\/{rel}","templated":true}]}}