{"id":865,"date":"2019-01-11T00:00:00","date_gmt":"2019-01-10T23:00:00","guid":{"rendered":"https:\/\/bbs-alfeld.de\/?p=865"},"modified":"2021-11-05T05:02:45","modified_gmt":"2021-11-05T04:02:45","slug":"paedagogische-praxis-in-frankreich-und-deutschland","status":"publish","type":"post","link":"https:\/\/www.bbs-alfeld.eu\/index.php\/2019\/01\/11\/paedagogische-praxis-in-frankreich-und-deutschland\/","title":{"rendered":"P\u00e4dagogische Praxis in Frankreich und Deutschland"},"content":{"rendered":"\n<p>Im Rahmen des Projekts \u201eDeutsche und franz\u00f6sische p\u00e4dagogische Praxis aus vergleichender Perspektive\u201c haben die Sch\u00fcler und Sch\u00fclerinnen der ersten Klasse der Fachschule Sozialp\u00e4dagogik der BBS Alfeld (Leine) ein Video zu der deutschen p\u00e4dagogischen Praxis erstellt. Nachdem eine Gruppe der Klasse in deutschen p\u00e4dagogischen Einrichtungen als Ethnografen unterwegs waren und wertvolle Feldnotizen zu bestimmten Schwerpunkten gewonnen haben, hat eine weitere Gruppe einen Begleittext zum Video erstellt, w\u00e4hrend eine andere Gruppe die Skizzen zum Video vorbereitet hat und sich die technischen Kenntnisse zur Erstellung eines solchen Videos angeeignet hat.<\/p>\n\n\n\n<figure class=\"wp-block-video\"><video height=\"360\" style=\"aspect-ratio: 640 \/ 360;\" width=\"640\" controls src=\"https:\/\/bbs-alfeld.de\/wp-content\/uploads\/2021\/11\/video_Paed_Pr_Frankr_Deutschl.mp4\"><\/video><\/figure>\n","protected":false},"excerpt":{"rendered":"<p>Im Rahmen des Projekts \u201eDeutsche und franz\u00f6sische p\u00e4dagogische Praxis aus vergleichender Perspektive\u201c haben die Sch\u00fcler und Sch\u00fclerinnen der ersten Klasse der Fachschule Sozialp\u00e4dagogik der BBS&hellip;<\/p>\n","protected":false},"author":1,"featured_media":0,"comment_status":"closed","ping_status":"closed","sticky":false,"template":"","format":"standard","meta":{"ngg_post_thumbnail":0,"footnotes":""},"categories":[18],"tags":[],"class_list":["post-865","post","type-post","status-publish","format-standard","hentry","category-projekte"],"_links":{"self":[{"href":"https:\/\/www.bbs-alfeld.eu\/index.php\/wp-json\/wp\/v2\/posts\/865","targetHints":{"allow":["GET"]}}],"collection":[{"href":"https:\/\/www.bbs-alfeld.eu\/index.php\/wp-json\/wp\/v2\/posts"}],"about":[{"href":"https:\/\/www.bbs-alfeld.eu\/index.php\/wp-json\/wp\/v2\/types\/post"}],"author":[{"embeddable":true,"href":"https:\/\/www.bbs-alfeld.eu\/index.php\/wp-json\/wp\/v2\/users\/1"}],"replies":[{"embeddable":true,"href":"https:\/\/www.bbs-alfeld.eu\/index.php\/wp-json\/wp\/v2\/comments?post=865"}],"version-history":[{"count":1,"href":"https:\/\/www.bbs-alfeld.eu\/index.php\/wp-json\/wp\/v2\/posts\/865\/revisions"}],"predecessor-version":[{"id":867,"href":"https:\/\/www.bbs-alfeld.eu\/index.php\/wp-json\/wp\/v2\/posts\/865\/revisions\/867"}],"wp:attachment":[{"href":"https:\/\/www.bbs-alfeld.eu\/index.php\/wp-json\/wp\/v2\/media?parent=865"}],"wp:term":[{"taxonomy":"category","embeddable":true,"href":"https:\/\/www.bbs-alfeld.eu\/index.php\/wp-json\/wp\/v2\/categories?post=865"},{"taxonomy":"post_tag","embeddable":true,"href":"https:\/\/www.bbs-alfeld.eu\/index.php\/wp-json\/wp\/v2\/tags?post=865"}],"curies":[{"name":"wp","href":"https:\/\/api.w.org\/{rel}","templated":true}]}}