{"id":876,"date":"2016-11-08T00:00:00","date_gmt":"2016-11-07T23:00:00","guid":{"rendered":"https:\/\/bbs-alfeld.de\/?p=876"},"modified":"2021-11-05T05:12:14","modified_gmt":"2021-11-05T04:12:14","slug":"studienfahrt-2016","status":"publish","type":"post","link":"https:\/\/www.bbs-alfeld.eu\/index.php\/2016\/11\/08\/studienfahrt-2016\/","title":{"rendered":"Studienfahrt 2016"},"content":{"rendered":"\n<h3 class=\"wp-block-heading\">Tag 1 und 2 \u2013 Sonntag, 25.09.2016 und Montag, 26.09.2016<\/h3>\n\n\n\n<h2 class=\"wp-block-heading\">Angoul\u00eame<\/h2>\n\n\n\n<p>Endlich ist es soweit \u2013 Es geht los nach Frankreich! Nach wochenlanger ausf\u00fchrlicher Planung beginnt unsere Studienfahrt. Wir trafen uns um 9:00 Uhr am Flughafen Hannover mit dem Handgep\u00e4ck und einem extra Koffer f\u00fcr die \u201efl\u00fcssigen Geschenke\u201c mit exakt 21kg und starteten voller Vorfreude.<\/p>\n\n\n\n<p>Um kurz nach 12 Uhr landeten wir in Paris Charles du Gaulle, einem weitaus gr\u00f6\u00dferen Flughafen als wir aus Hannover kannten. Danach ging es, nach einem kurzen Aufenthalt am Flughafen, mit dem TGV weiter nach Angoul\u00eame. Dort empfingen uns die franz\u00f6sischen Austauschpartner, welche wir schon eine Woche nicht mehr gesehen hatten, mit ihren Eltern freudig. Wir fuhren mit ihnen nach Hause, a\u00dfen und gingen dann auch schon ins Bett, da die Anreise recht anstrengend war, und wir am n\u00e4chsten Morgen schon wieder fr\u00fch mit unseren Austauschpartnern zur Schule mussten.<\/p>\n\n\n\n<p>Montagmorgen, nachdem wir von der Schulleiterin Veronique Rochefort bei einem typisch franz\u00f6sischen Fr\u00fchst\u00fcck (Kaffee, O-Saft, Croissants und Chocolatines) herzlichst begr\u00fc\u00dft wurden, haben wir unsere Partnerschule Sainte Marthe besichtigt. Dort haben wir mit unserem und dem franz\u00f6sischen Lehrer unserer Austauschsch\u00fclerinnen getroffen. Thierry, der franz\u00f6sische Geschichtslehrer, informierte uns ausf\u00fchrlich in einem interessanten Vortrag \u00fcber die Stadt, die Region der Charente, die regionalen Wirtschaftsstrukturen, die j\u00fcngsten Gebietsreformen und staatlichen Strukturen sowie die zwei wichtigsten Festivals:<\/p>\n\n\n\n<figure class=\"wp-block-image\"><img decoding=\"async\" src=\"https:\/\/bbs-alfeld.de\/images\/stories\/studienfahrt_2016_01.jpg\" alt=\"studienfahrt 2016 01\"\/><\/figure>\n\n\n\n<p>Das Oldtimer-Rennen (<a href=\"https:\/\/www.circuit-des-remparts.com\/\">Circuit des Remparts d\u2018Angoul\u00eame<\/a>), welches allj\u00e4hrlich im September stattfindet und das weltweit bekannte Comic-Festival (<a href=\"http:\/\/www.bdangouleme.com\/\">Festival de la Bande Dessin\u00e9e d\u2019Angoul\u00eame<\/a>).<\/p>\n\n\n\n<figure class=\"wp-block-image\"><img decoding=\"async\" src=\"https:\/\/bbs-alfeld.de\/images\/stories\/studienfahrt_2016_02.jpg\" alt=\"studienfahrt 2016 02\"\/><\/figure>\n\n\n\n<p>Mittags a\u00dfen wir mit den Austauschsch\u00fclerinnen in der Kantine.<\/p>\n\n\n\n<p>Anschlie\u00dfend, ausgestattet mit dem theoretischen Wissen vom Vormittag, unternahmen wir eine zweist\u00fcndige Stadtf\u00fchrung, bei der wir unter anderem den Dom aus dem 11. Jahrhundert, das Rathaus, das Amtsgericht und verschiedene Denkm\u00e4ler besichtigt haben. Au\u00dferdem fielen uns die Stra\u00dfenschilder in Sprechblasenform und die bunt gemalten Comics an den W\u00e4nden auf.<\/p>\n\n\n\n<figure class=\"wp-block-image\"><img decoding=\"async\" src=\"https:\/\/bbs-alfeld.de\/images\/stories\/studienfahrt_2016_03.jpg\" alt=\"studienfahrt 2016 03\"\/><\/figure>\n\n\n\n<p>Danach trafen wir uns erneut mit den Austauschsch\u00fclerinnen, a\u00dfen D\u00f6ner an der Charente, unterhielten uns und hatten viel Spa\u00df.<\/p>\n\n\n\n<hr class=\"wp-block-separator is-style-wide\"\/>\n\n\n\n<h3 class=\"wp-block-heading\">Tag 3 &#8211; Dienstag, 27.09.2016<\/h3>\n\n\n\n<h2 class=\"wp-block-heading\">La Rochelle<\/h2>\n\n\n\n<p>Am Dienstag machten wir dann mit dem Mietwagen einen Tagesaufsflug ins zwei Fahrstunden entfernte La Rochelle, wo wir viele historische Geb\u00e4ude zu sehen und auch viel \u00fcber die Stadtgeschichte erz\u00e4hlt bekamen. Wir starteten am alten Hafen mit den zwei T\u00fcrmen Tour St.-Nicolas, auf den wir auch hinaufgegangen sind, und Tour de la Chaine. Im und auf dem Turm erfuhr man viel \u00fcber den Nutzen des Turmes, zum Beispiel, dass der Turm einst als Gef\u00e4ngnis und auch als Wohnung diente. Zudem hatte man eine super Aussicht \u00fcber den Hafen und die Altstadt.<\/p>\n\n\n\n<figure class=\"wp-block-image\"><img decoding=\"async\" src=\"https:\/\/bbs-alfeld.de\/images\/stories\/studienfahrt_2016_06.jpg\" alt=\"studienfahrt 2016 06\"\/><\/figure>\n\n\n\n<p>Weiter ging es dann zum Museum ,,Le Bunker\u201c, welches die deutsche Besatzungszeit in La Rochelle w\u00e4hrend des zweiten Weltkrieges zeigt. Hinter einer 600 Kilogramm schweren Doppelfl\u00fcgelt\u00fcr verborgen liegen unter anderem R\u00e4ume f\u00fcr damalige U-Boot-Kommandanten, ein B\u00fcro und eine gro\u00dfe Bar, alles verziert mit Wandmalereien. Eine Kammer mit Gewehren und Handgranaten ist zu finden, ebenso wie die Kapitulation des deutschen Admirals Ernst Schirlitz, der das Gebiet von La Rochelle befehligte, vom 9. Mai 1945, also erst einen Tag nach der des deutschen Reichs. Die traditionsreiche Hafenstadt entging der Zerst\u00f6rung und wurde damals \u00e4u\u00dferlich unversehrt an die Alliierten \u00fcbergeben.<\/p>\n\n\n\n<p>Puh, eine Menge Informationen, reichte uns f\u00fcrs Erste. Es wurde Zeit f\u00fcr eine Runde Spa\u00df und Entspannung, zumal uns die F\u00fc\u00dfe langsam auch weh taten.<\/p>\n\n\n\n<p>Mit einem Wassertaxi sind wir dann also durch den Yachthafen Port de Minimes Richtung Strand gefahren. Das Wetter war zwar bew\u00f6lkt, aber Wasser und Luft waren warm genug &#8211; also ab ins Meer!<\/p>\n\n\n\n<figure class=\"wp-block-image\"><img decoding=\"async\" src=\"https:\/\/bbs-alfeld.de\/images\/stories\/studienfahrt_2016_07.jpg\" alt=\"studienfahrt 2016 07\"\/><\/figure>\n\n\n\n<p>Ordentlich abgek\u00fchlt ging es dann wieder zum Auto. Gut gelaunt ging es mit ordentlicher Musik von unseren Smartphones \u00fcber die Landstra\u00dfe zur\u00fcck nach Angoul\u00eame, wo wir den Abend bei einer tollen Pool- und Grillparty mit unseren Austauschpartnerinnen ausklingen lie\u00dfen.<\/p>\n\n\n\n<hr class=\"wp-block-separator is-style-wide\"\/>\n\n\n\n<h3 class=\"wp-block-heading\">Tag 4 \u2013 Mittwoch, 19.09.2016<\/h3>\n\n\n\n<h2 class=\"wp-block-heading\">Die Geschichte des Cognacs<\/h2>\n\n\n\n<p>Am Mittwoch haben wir uns bereits fr\u00fch am Morgen mit dem Mietwagen auf den Weg nach Cognac gemacht. Etwa auf der H\u00e4lfte der ca. 40min\u00fctigen Fahrt machten wir zun\u00e4chst halt bei einer kleinen Familiendestillerie namens \u201eR\u00e9my Coullebaud\u201c, die neben Cognac vor allem Pineau herstellt. Dort hatten wir die M\u00f6glichkeit diesen klassischen franz\u00f6sischen Ap\u00e9ritif aus Traubensaft und Cognac zu probieren und zu kaufen.<\/p>\n\n\n\n<figure class=\"wp-block-image\"><img decoding=\"async\" src=\"https:\/\/bbs-alfeld.de\/images\/stories\/studienfahrt_2016_08.jpg\" alt=\"studienfahrt 2016 08\"\/><\/figure>\n\n\n\n<p>Dann ging es weiter nach Cognac zur <a href=\"http:\/\/lesvisites.hennessy.com\/en-int\/\">Besichtigung von Hennessy<\/a>, einem der gr\u00f6\u00dften und renomiertesten Congac-Produzenten weltweit. Nachdem wir angekommen waren begann unsere deutschsprachige Tour durch die weitl\u00e4ufigen Produktions- und Lagerhallen Hennessys.<\/p>\n\n\n\n<p>Zun\u00e4chst \u00fcberquerten wir die zwischen dem Haupthaus und den Lagerh\u00e4usern liegende Charente auf einem kleinen Boot. Auf der anderen Seite begann die eigentliche Tour. Im ersten Teil wurde mit beeindruckenden medialen Elementen wie 180 Grad Bildschirmen und beleuchteten, interaktiven Schaubildern eindrucksvoll die Geschichte und die komplizierte Herstellung von Cognac &#8211; durch Vermischung bis zu hundert Branntweine und anschlie\u00dfender Destillation &#8211; erl\u00e4utert.<\/p>\n\n\n\n<p>Danach gingen wir weiter in das nebenliegende Lagerhaus. Hier lagern auch heute noch die Branntweine aus denen in der doppelten Destillation der Cognac hergestellt wird.<\/p>\n\n\n\n<figure class=\"wp-block-image\"><img decoding=\"async\" src=\"https:\/\/bbs-alfeld.de\/images\/stories\/studienfahrt_2016_09.jpg\" alt=\"studienfahrt 2016 09\"\/><\/figure>\n\n\n\n<p>Im Anschluss daran durfte nat\u00fcrlich eine fachm\u00e4nnisch angeleitete D\u00e9gustation nicht fehlen.<br>Es ist schon erstaunlich, welch feine Unterschiede man bei Cognac riechen und schmecken kann, auch wenn man den \u201eSaft der Engel\u201c gar nicht runterschluckt. Schon allein die Zugabe von Eisw\u00fcrfeln bewirkt einen enormen Unterschied.<\/p>\n\n\n\n<figure class=\"wp-block-image\"><img decoding=\"async\" src=\"https:\/\/bbs-alfeld.de\/images\/stories\/studienfahrt_2016_10.jpg\" alt=\"studienfahrt 2016 10\"\/><\/figure>\n\n\n\n<p>Nach erneuter \u00dcberquerung der Charente machten wir und zur\u00fcck auf den Weg nach Angoul\u00eame. Hier a\u00dfen wir in der Schulmensa zu Mittag. Anschlie\u00dfend gingen wir an der Hochschule f\u00fcr Comicanimation und Trickfilm (\u00c9cole europ\u00e9enne sup\u00e9rieure de l\u2019image) mit ihrer futuristisch anwirkenden Fassade vorbei in Richtung des historischen Papiermuseums.<\/p>\n\n\n\n<figure class=\"wp-block-image\"><img decoding=\"async\" src=\"https:\/\/bbs-alfeld.de\/images\/stories\/studienfahrt_2016_11.jpg\" alt=\"studienfahrt 2016 11\"\/><\/figure>\n\n\n\n<p>Nachdem wir uns das historische Papiermuseum an der Charente angeschaut hatten \u00fcberquerten wir den Fluss und besuchten das Comicmuseum, denn Angoul\u00eame entwickelte sich im 20. Jahrhundert zu DEM Zentrum f\u00fcr Comic und Trickfilm.<\/p>\n\n\n\n<figure class=\"wp-block-image\"><img decoding=\"async\" src=\"https:\/\/bbs-alfeld.de\/images\/stories\/studienfahrt_2016_12.jpg\" alt=\"studienfahrt 2016 12\"\/><\/figure>\n\n\n\n<hr class=\"wp-block-separator is-style-wide\"\/>\n\n\n\n<h3 class=\"wp-block-heading\">Tag 5 \u2013 Donnerstag, 20.09.2016<\/h3>\n\n\n\n<h2 class=\"wp-block-heading\">Heute hie\u00df es: &#8222;Ab nach Paris!&#8220;<\/h2>\n\n\n\n<figure class=\"wp-block-image\"><img decoding=\"async\" src=\"https:\/\/bbs-alfeld.de\/images\/stories\/studienfahrt_2016_13.jpg\" alt=\"studienfahrt 2016 13\"\/><\/figure>\n\n\n\n<p>Um 9 Uhr startete unser letzter Morgen in Angoul\u00eame. In der Schule gaben wir den Franzosen in einer selbst vorbereiteten Pr\u00e4sentation einen kleinen Wochenr\u00fcckblick aus unserer Sicht. Nach einer kurzen Feed-back-Runde hie\u00df es danach schon wieder Abschied nehmen von den Austauschpartnern, denn unsere Reise ging weiter.<\/p>\n\n\n\n<p>Der n\u00e4chste Stop war die Stadt der Liebe \u2013 <a href=\"https:\/\/de.wikipedia.org\/wiki\/Paris\">Paris<\/a>. Nach einer 2 \u00bd st\u00fcndigen TGV- und einer 10-min\u00fctigen M\u00e9tro-Fahrt erreichten wir unser kleines Hotel. Schnell Koffer ausgepackt und weiter ging es.<\/p>\n\n\n\n<figure class=\"wp-block-image\"><img decoding=\"async\" src=\"https:\/\/bbs-alfeld.de\/images\/stories\/studienfahrt_2016_14.jpg\" alt=\"studienfahrt 2016 14\"\/><\/figure>\n\n\n\n<p>Heute stand auf dem Tagesplan <a href=\"https:\/\/de.wikipedia.org\/wiki\/Sacr%C3%A9-C%C5%93ur_de_Montmartre\">Sacr\u00e9-C\u0153ur de Montmartre<\/a> und das allt\u00e4gliche Leben der Pariser. Schnell war klar, dass die im 19. Jahrhundert erbaute historische Kirche eines der Highlights von Paris sein muss. Die Aussicht von dort ist allein eine Reise wert. Durch die erh\u00f6hte Lage sind insbesondere die Treppen vor dem Geb\u00e4ude bei allen beliebt, die die Aussicht \u00fcber die Stadt genie\u00dfen m\u00f6chten.<\/p>\n\n\n\n<figure class=\"wp-block-image\"><img decoding=\"async\" src=\"https:\/\/bbs-alfeld.de\/images\/stories\/studienfahrt_2016_15.jpg\" alt=\"studienfahrt 2016 15\"\/><\/figure>\n\n\n\n<p>Als n\u00e4chstes Ziel stand das bekannte Malerviertel des Montmartre auf dem Plan. Doch leider bekamen wir nur wenige K\u00fcnstler auf der Stra\u00dfe zu Gesicht. Also ging es weiter.<\/p>\n\n\n\n<p>Da der Abend nun l\u00e4ngst angebrochen war, hie\u00df das n\u00e4chste Thema Essen. Dank unserem Lehrer konnten wir nun einen kleinen Einblick in das Leben der Bewohner des 18. Viertels von Paris gewinnen. Wir kauften uns bei einem B\u00e4cker das im Jahre 2010 zum besten Baguette in Paris gek\u00fcrte Brot und dazu K\u00e4se aus der benachbarten K\u00e4serei. \u2013 Das leckerste Baguette, das wir je gegessen haben.<br>Weiter ging es auf den Spuren von \u201eAm\u00e9lie Poulain\u201c in das \u201eCaf\u00e9 des Deux Moulins\u201c, den original Schauplatz aus dem Film, wo wir genau p\u00fcnktlich zur Happy Hour eintrafen.<\/p>\n\n\n\n<p>Auf dem Weg zur\u00fcck zum Hotel ging es noch einmal im Dunkeln \u00fcber Montmartre und am beleuchteten Sacr\u00e9-C\u0153ur vorbei.<\/p>\n\n\n\n<p>Die Aussicht auf das beleuchtete Paris war jetzt noch atemberaubender als am Nachmittag.<\/p>\n\n\n\n<figure class=\"wp-block-image\"><img decoding=\"async\" src=\"https:\/\/bbs-alfeld.de\/images\/stories\/studienfahrt_2016_16.jpg\" alt=\"studienfahrt 2016 16\"\/><\/figure>\n\n\n\n<p>Donnerstag, ein gelungener erster Tag in Paris.<\/p>\n\n\n\n<hr class=\"wp-block-separator is-style-wide\"\/>\n\n\n\n<h3 class=\"wp-block-heading\">Tag 6 \u2013 Freitag, 21.09.2016<\/h3>\n\n\n\n<h2 class=\"wp-block-heading\">Paris Sightseeing!<\/h2>\n\n\n\n<p>Am Freitag sind wir den zweiten Tag in Paris.<\/p>\n\n\n\n<p>F\u00fcr diesen Tag ist es geplant, dass wir uns die wichtigsten Sehensw\u00fcrdigkeiten angucken. Wir starteten morgens und machten uns als erstes zu Fu\u00df auf den Weg zum Bataclan, um uns den Ort des Terroranschlages anzusehen. Leider war dort nicht viel zu sehen, da das Geb\u00e4ude saniert wurde, allerdings erhielten wir einige interessante Informationen von Anwohnern: Man m\u00f6chte so schnell wie m\u00f6glich den normalen Betrieb wieder aufnehmen und sich somit dem Terror des IS nicht beugen.<\/p>\n\n\n\n<p>Als n\u00e4chsten marschierten wir zum Centre Pompidou, dem Kunst- und Kulturzentrum von Paris. Dieses sahen wir uns allerdings nur von au\u00dfen an, da wir noch viel an dem Tag vor hatten.<\/p>\n\n\n\n<figure class=\"wp-block-image\"><img decoding=\"async\" src=\"https:\/\/bbs-alfeld.de\/images\/stories\/studienfahrt_2016_17.jpg\" alt=\"studienfahrt 2016 17\"\/><\/figure>\n\n\n\n<p>Danach gingen wir weiter zum Pariser Rathaus. Dieses wurde in der zweiten H\u00e4lfte des 19. Jahrhunderts im Stil der <a href=\"https:\/\/de.wikipedia.org\/wiki\/Neorenaissance\">Neorenaissance<\/a> gebaut.<\/p>\n\n\n\n<figure class=\"wp-block-image\"><img decoding=\"async\" src=\"https:\/\/bbs-alfeld.de\/images\/stories\/studienfahrt_2016_18.jpg\" alt=\"studienfahrt 2016 18\"\/><\/figure>\n\n\n\n<p>Dann ging es weiter zu Notre Dame. Die Kathedrale wurde in den Jahren 1163 bis 1345 errichtet und ist somit eines der fr\u00fchesten <a href=\"https:\/\/de.wikipedia.org\/wiki\/Gotik\">gotischen<\/a> Kirchengeb\u00e4ude <a href=\"https:\/\/de.wikipedia.org\/wiki\/Frankreich\">Frankreichs<\/a>. Sie steht im Zentrum von <a href=\"https:\/\/de.wikipedia.org\/wiki\/Paris\">Paris<\/a> auf der Ostspitze der <a href=\"https:\/\/de.wikipedia.org\/wiki\/Seine\">Seine<\/a>insel <a href=\"https:\/\/de.wikipedia.org\/wiki\/\u00cele_de_la_Cit\u00e9\">\u00cele de la Cit\u00e9<\/a>.<\/p>\n\n\n\n<p>Wir besichtigten die Kirche und erhielten einige Informationen \u00fcber den Bau, den Stil und die Geschichte.<\/p>\n\n\n\n<figure class=\"wp-block-image\"><img decoding=\"async\" src=\"https:\/\/bbs-alfeld.de\/images\/stories\/studienfahrt_2016_19.jpg\" alt=\"studienfahrt 2016 19\"\/><\/figure>\n\n\n\n<figure class=\"wp-block-image\"><img decoding=\"async\" src=\"https:\/\/bbs-alfeld.de\/images\/stories\/studienfahrt_2016_20.jpg\" alt=\"studienfahrt 2016 20\"\/><\/figure>\n\n\n\n<p>Da die H\u00e4lfte des Tages schon um war, suchten wir uns im nahe gelegenen Quartier Latin ein kleines franz\u00f6siches Restaurant zum Mittagsessen. Dort a\u00df jeder ein Men\u00fc f\u00fcr jeweils 10\u20ac, mit einer Vorspeise, Hauptgericht und Dessert.<\/p>\n\n\n\n<p>Nachdem wir alle gest\u00e4rkt waren, ging es mit der Tour weiter. Wir machten uns \u00fcber die Pont Neuf auf den Weg zum Louvre. Dort wollten nat\u00fcrlich alle die Mona Lisa sehen, welches das wohl bekanntste <a href=\"https:\/\/de.wikipedia.org\/wiki\/\u00d6lmalerei\">\u00d6lgem\u00e4lde<\/a> von <a href=\"https:\/\/de.wikipedia.org\/wiki\/Leonardo_da_Vinci\">Leonardo da Vinci<\/a> ist. Allerdings war auch das Geb\u00e4ude des Louvres sehr beeindruckend, da das Museum das drittgr\u00f6\u00dfte der Welt ist, und mehrere gro\u00dfe Glaspyramiden im Hof des Geb\u00e4udes stehen.<\/p>\n\n\n\n<figure class=\"wp-block-image\"><img decoding=\"async\" src=\"https:\/\/bbs-alfeld.de\/images\/stories\/studienfahrt_2016_21.jpg\" alt=\"studienfahrt 2016 21\"\/><\/figure>\n\n\n\n<p>Danach gingen wir durch die Tuilleries-G\u00e4rten weiter Richtung Champs-\u00c9lys\u00e9es, man konnte vom Place de la Concorde aus auf den Triumph-Bogen sehen, da die Stra\u00dfe gerade verl\u00e4uft. In der Verl\u00e4ngerung des Triumph-Bogens war trotz des diesigen Wetters la Grande Arche zu sehen.<\/p>\n\n\n\n<p>&nbsp;Weiter ging es vorbei an der Assembl\u00e9 Nationale wieder auf der anderen Seite der Seine am Ufer entlang, denn jetzt wollten wir alle endlich die Sehensw\u00fcrdigkeit sehen, die am bekanntesten f\u00fcr Paris ist \u2013 den Eiffelturm.<\/p>\n\n\n\n<figure class=\"wp-block-image\"><img decoding=\"async\" src=\"https:\/\/bbs-alfeld.de\/images\/stories\/studienfahrt_2016_22.jpg\" alt=\"studienfahrt 2016 22\"\/><\/figure>\n\n\n\n<figure class=\"wp-block-image\"><img decoding=\"async\" src=\"https:\/\/bbs-alfeld.de\/images\/stories\/studienfahrt_2016_23.jpg\" alt=\"studienfahrt 2016 23\"\/><\/figure>\n\n\n\n<p>Diesen guckten wir uns von unten an und machten unz\u00e4hlige Fotos, hoch gingen oder fuhren wir allerdings nicht, da die Warteschlagen lang und das Wetter regnerisch waren, so dass schlechte Fernsicht herrschte.<\/p>\n\n\n\n<p>Wir gingen stattdessen weiter zum nahegelegenen Anleger der Bateaux mouches, mit denen wir eine Rundfahrt auf der Seine machten. Dort wurden uns alle Geb\u00e4ude die entlang der Seine standen noch einmal genau erkl\u00e4rt. Da es zu dieser Zeit schon d\u00e4mmerte, wurden am Eiffelturm die Lichter eingeschaltet. Nach der Fahrt blieben wir noch kurz stehen, da zu jeder vollen Stunde die Lichter blinken, und der Eiffelturm \u201eglitzert\u201c. Auf den letzten Metern hinauf zur M\u00e9tro-Station \u201eTocad\u00e9ro\u201c realisierten wir, dass unsere Beine ganz sch\u00f6n schwer wurden.<\/p>\n\n\n\n<p><img decoding=\"async\" src=\"https:\/\/bbs-alfeld.de\/images\/stories\/studienfahrt_2016_24.jpg\" alt=\"\"> Unser Weg durch Paris<\/p>\n\n\n\n<p>Also ging es mit der M\u00e9tro zur\u00fcck ins Hotel. Dort machten sich alle kurz fertig und dann trafen wir uns auf einem der Zimmer. Dort planten was genau wir an dem Abend noch machen wollten und schon ging es wieder los um das Nachtleben in Paris kennenlernen. Im Quartier de la Bastille besuchten wir einige Bars mit Musik, unterhielten uns mit franz\u00f6sischen Studenten und hatten eine Menge Spa\u00df. Nach der n\u00e4chtlichen R\u00fcckfahrt im Nachtbus zum Hotel fielen alle v\u00f6llig ersch\u00f6pft in die Betten.<\/p>\n\n\n\n<p>Dies war ein wirklich gelungener Tag mit einem sehr sch\u00f6nen Abschluss am Abend. Wir hatten Paris in all seinen Facetten kennergelernt und dabei \u00fcber 15 km zu Fu\u00df zur\u00fcckgelegt!<\/p>\n\n\n\n<hr class=\"wp-block-separator is-style-wide\"\/>\n\n\n\n<h3 class=\"wp-block-heading\">Tag 7 \u2013 Samstag, 01.10. 2016<\/h3>\n\n\n\n<h2 class=\"wp-block-heading\">Den letzten Tag in vollen Z\u00fcgen genie\u00dfen<\/h2>\n\n\n\n<p>So schnell geht eine Woche um. Heute Morgen hie\u00df es Koffer packen, das Hotelzimmer r\u00e4umen und auf in die Stadt. Zun\u00e4chst ging es auf den ber\u00fchmt-ber\u00fcchtigten Flohmarkt an der Porte de Clignancourt, denn auch die etwas \u201edunklere Seite\u201c von Paris stand auf unserem Programm. Erstaunlich, wie facettenreich Paris doch ist.<\/p>\n\n\n\n<p>Auch ein Cr\u00eape darf in Paris nicht fehlen!<\/p>\n\n\n\n<p>Also zogen wir alle gemeinsam weiter und pausierten bei einem netten, kleinen Cr\u00eapesstand. Kurze Lagebesprechung und weiter! Das letzte Ziel in Paris hie\u00df \u201eGaleries Lafayette\u201c.<\/p>\n\n\n\n<p>Die \u201eGaleries Lafayette\u201c sind eine gro\u00dfe traditionsreiche franz\u00f6sische Warenhauskette. Das Stammhaus in Paris, eines der \u00e4ltesten Kaufh\u00e4user Frankreichs, ist bemerkenswert wegen seiner <a href=\"https:\/\/de.wikipedia.org\/wiki\/Jugendstil\">Jugendstilarchitektur<\/a>. Auch der Ausblick auf der Dachterrasse ist ein Weg ins Kaufahaus wert.<\/p>\n\n\n\n<p>Nach 2 Stunden Freizeit zum Einkaufen und Bummeln trafen wir uns wieder am Hotel, um unsere Koffer zu holen. Mit dem Zug ging es weiter zum Flughafen. Abflug war um 20.30 Uhr. In Hannover trennten sich unsere Wege nach einer sehr ereignisreichen Woche nun wieder.<\/p>\n\n\n\n<figure class=\"wp-block-image\"><img decoding=\"async\" src=\"https:\/\/bbs-alfeld.de\/images\/stories\/studienfahrt_2016_25.jpg\" alt=\"studienfahrt 2016 25\"\/><\/figure>\n\n\n\n<p>Letztendlich kann jeder von uns behaupten, dass es eine gro\u00dfartige Erfahrung war, diesen Sch\u00fcleraustausch mitzumachen. Einmal in die Kultur, das Leben und die Schule eines anderen Landes bzw. einer anderen Familie zu schauen, sollte wirklich jeder einmal getan haben. Dank des Deutsch \u2013 Franz\u00f6sischen Jugendwerk (DFJW) wurde uns in dieser Woche sehr viel erm\u00f6glicht, daf\u00fcr sagen wir vielen herzlichen Dank oder besser: Merci beaucoup !<\/p>\n\n\n\n<figure class=\"wp-block-image\"><img decoding=\"async\" src=\"https:\/\/bbs-alfeld.de\/images\/stories\/studienfahrt_2016_26.jpg\" alt=\"studienfahrt 2016 26\"\/><\/figure>\n","protected":false},"excerpt":{"rendered":"<p>Tag 1 und 2 \u2013 Sonntag, 25.09.2016 und Montag, 26.09.2016 Angoul\u00eame Endlich ist es soweit \u2013 Es geht los nach Frankreich! Nach wochenlanger ausf\u00fchrlicher Planung&hellip;<\/p>\n","protected":false},"author":1,"featured_media":0,"comment_status":"closed","ping_status":"closed","sticky":false,"template":"","format":"standard","meta":{"ngg_post_thumbnail":0,"footnotes":""},"categories":[17],"tags":[],"class_list":["post-876","post","type-post","status-publish","format-standard","hentry","category-studienfahrten"],"_links":{"self":[{"href":"https:\/\/www.bbs-alfeld.eu\/index.php\/wp-json\/wp\/v2\/posts\/876","targetHints":{"allow":["GET"]}}],"collection":[{"href":"https:\/\/www.bbs-alfeld.eu\/index.php\/wp-json\/wp\/v2\/posts"}],"about":[{"href":"https:\/\/www.bbs-alfeld.eu\/index.php\/wp-json\/wp\/v2\/types\/post"}],"author":[{"embeddable":true,"href":"https:\/\/www.bbs-alfeld.eu\/index.php\/wp-json\/wp\/v2\/users\/1"}],"replies":[{"embeddable":true,"href":"https:\/\/www.bbs-alfeld.eu\/index.php\/wp-json\/wp\/v2\/comments?post=876"}],"version-history":[{"count":1,"href":"https:\/\/www.bbs-alfeld.eu\/index.php\/wp-json\/wp\/v2\/posts\/876\/revisions"}],"predecessor-version":[{"id":877,"href":"https:\/\/www.bbs-alfeld.eu\/index.php\/wp-json\/wp\/v2\/posts\/876\/revisions\/877"}],"wp:attachment":[{"href":"https:\/\/www.bbs-alfeld.eu\/index.php\/wp-json\/wp\/v2\/media?parent=876"}],"wp:term":[{"taxonomy":"category","embeddable":true,"href":"https:\/\/www.bbs-alfeld.eu\/index.php\/wp-json\/wp\/v2\/categories?post=876"},{"taxonomy":"post_tag","embeddable":true,"href":"https:\/\/www.bbs-alfeld.eu\/index.php\/wp-json\/wp\/v2\/tags?post=876"}],"curies":[{"name":"wp","href":"https:\/\/api.w.org\/{rel}","templated":true}]}}