{"id":913,"date":"2021-11-01T00:00:00","date_gmt":"2021-10-31T23:00:00","guid":{"rendered":"https:\/\/bbs-alfeld.de\/?p=913"},"modified":"2021-11-05T05:35:49","modified_gmt":"2021-11-05T04:35:49","slug":"machen-wir-uns-gemeinsam-fuer-die-kleinsten-stark","status":"publish","type":"post","link":"https:\/\/www.bbs-alfeld.eu\/index.php\/2021\/11\/01\/machen-wir-uns-gemeinsam-fuer-die-kleinsten-stark\/","title":{"rendered":"Machen wir uns gemeinsam f\u00fcr die Kleinsten stark!"},"content":{"rendered":"\n<blockquote class=\"wp-block-quote is-layout-flow wp-block-quote-is-layout-flow\"><p>Am&nbsp;20.09.2021&nbsp;hat der&nbsp;Weltkindertag&nbsp;unter dem Motto \u201eKinderrechte&nbsp;jetzt\u201c stattgefunden.&nbsp;<\/p><\/blockquote>\n\n\n\n<p>Die&nbsp;2. Klasse der Berufsfachschule Sozialp\u00e4dagogische Assistenz&nbsp;hat sich bereit erkl\u00e4rt, sich anl\u00e4sslich des Weltkindertages an einer Mitmachaktion, die UNICEF Deutschland mit zahlreichen Kommunen und Partnern ins Leben gerufen hat, zu beteiligen.<br>UNICEF Deutschland hat n\u00e4mlich alle Kinder, Jugendlichen und Eltern dazu aufgerufen, sich mit bunten Kreidebildern f\u00fcr die Belange und Rechte der Kinder starkzumachen und so gemeinsam &#8211; bunt, laut und kreativ- auf die Rechte von Kindern aufmerksam zu machen, um gleichzeitig eine wichtige Botschaft in die Welt zu senden:&nbsp;<strong>\u201eDie L\u00f6sung f\u00fcr die Gestaltung einer lebenswerten Zukunft liegt in der Verwirklichung der Kinderrechte&#8220;<\/strong>.&nbsp;<\/p>\n\n\n\n<p>Dazu hat die Klasse die 10 wichtigsten Kinderrechte an den Stufen des Teiches schriftlich festgehalten und sie mit Zeichnungen auf dem Gel\u00e4nde visualisiert.<br>Teil der Mitmachaktion war auch, dass die Zeichnungen unter dem Hashtag&nbsp;<strong>#WieStarkW\u00e4reDasDenn<\/strong>&nbsp;von anderen gepostet werden. Dazu war auch ein Hashtag auf dem Schulgel\u00e4nde zu finden, damit die Bilder von anderen SuS gepostet werden konnten, um alle auf die Aktion von UNICEF aufmerksam zu machen und zur Mitwirkung anzuregen.<br>Unsere SuS haben sich sehr dar\u00fcber gefreut, dass auch Lehrkr\u00e4fte und andere SuS so zahlreich in den sozialen Medien darauf aufmerksam gemacht haben und ihre Fotos gepostet haben.&nbsp;<\/p>\n\n\nngg_shortcode_0_placeholder\n","protected":false},"excerpt":{"rendered":"<p>Am&nbsp;20.09.2021&nbsp;hat der&nbsp;Weltkindertag&nbsp;unter dem Motto \u201eKinderrechte&nbsp;jetzt\u201c stattgefunden.&nbsp; Die&nbsp;2. Klasse der Berufsfachschule Sozialp\u00e4dagogische Assistenz&nbsp;hat sich bereit erkl\u00e4rt, sich anl\u00e4sslich des Weltkindertages an einer Mitmachaktion, die UNICEF Deutschland&hellip;<\/p>\n","protected":false},"author":1,"featured_media":924,"comment_status":"closed","ping_status":"closed","sticky":false,"template":"","format":"standard","meta":{"ngg_post_thumbnail":0,"footnotes":""},"categories":[20],"tags":[],"class_list":["post-913","post","type-post","status-publish","format-standard","has-post-thumbnail","hentry","category-aktuelles"],"_links":{"self":[{"href":"https:\/\/www.bbs-alfeld.eu\/index.php\/wp-json\/wp\/v2\/posts\/913","targetHints":{"allow":["GET"]}}],"collection":[{"href":"https:\/\/www.bbs-alfeld.eu\/index.php\/wp-json\/wp\/v2\/posts"}],"about":[{"href":"https:\/\/www.bbs-alfeld.eu\/index.php\/wp-json\/wp\/v2\/types\/post"}],"author":[{"embeddable":true,"href":"https:\/\/www.bbs-alfeld.eu\/index.php\/wp-json\/wp\/v2\/users\/1"}],"replies":[{"embeddable":true,"href":"https:\/\/www.bbs-alfeld.eu\/index.php\/wp-json\/wp\/v2\/comments?post=913"}],"version-history":[{"count":2,"href":"https:\/\/www.bbs-alfeld.eu\/index.php\/wp-json\/wp\/v2\/posts\/913\/revisions"}],"predecessor-version":[{"id":925,"href":"https:\/\/www.bbs-alfeld.eu\/index.php\/wp-json\/wp\/v2\/posts\/913\/revisions\/925"}],"wp:featuredmedia":[{"embeddable":true,"href":"https:\/\/www.bbs-alfeld.eu\/index.php\/wp-json\/wp\/v2\/media\/924"}],"wp:attachment":[{"href":"https:\/\/www.bbs-alfeld.eu\/index.php\/wp-json\/wp\/v2\/media?parent=913"}],"wp:term":[{"taxonomy":"category","embeddable":true,"href":"https:\/\/www.bbs-alfeld.eu\/index.php\/wp-json\/wp\/v2\/categories?post=913"},{"taxonomy":"post_tag","embeddable":true,"href":"https:\/\/www.bbs-alfeld.eu\/index.php\/wp-json\/wp\/v2\/tags?post=913"}],"curies":[{"name":"wp","href":"https:\/\/api.w.org\/{rel}","templated":true}]}}